{"id":11682,"date":"2024-09-24T05:37:33","date_gmt":"2024-09-24T05:37:33","guid":{"rendered":"https:\/\/www.mundusmaris.org\/non-categorizzato\/the-path-to-a-global-treaty-on-plastics-efforts-from-argentinas-coastal-research\/"},"modified":"2024-11-14T08:32:42","modified_gmt":"2024-11-14T08:32:42","slug":"percorso-verso-trattato-globale-sulla-plastica-sforzi-dalla-ricerca-costiera-in-argentina","status":"publish","type":"post","link":"https:\/\/www.mundusmaris.org\/it\/attivita\/oceano-in-buona-salute-vs-inquinamento\/percorso-verso-trattato-globale-sulla-plastica-sforzi-dalla-ricerca-costiera-in-argentina\/","title":{"rendered":"Il percorso verso un trattato globale sulla plastica: gli sforzi dalla ricerca costiera in Argentina"},"content":{"rendered":"<p lang=\"es-ES\"><span lang=\"en-GB\"><img decoding=\"async\" class=\"alignright size-full wp-image-10049\" src=\"https:\/\/www.mundusmaris.org\/wp-content\/uploads\/2024\/09\/BeachPollution-4914403_SergeiTokmakov_Pixabay.jpg\" alt=\"\" width=\"500\" height=\"333\" srcset=\"https:\/\/www.mundusmaris.org\/wp-content\/uploads\/2024\/09\/BeachPollution-4914403_SergeiTokmakov_Pixabay-200x133.jpg 200w, https:\/\/www.mundusmaris.org\/wp-content\/uploads\/2024\/09\/BeachPollution-4914403_SergeiTokmakov_Pixabay-300x200.jpg 300w, https:\/\/www.mundusmaris.org\/wp-content\/uploads\/2024\/09\/BeachPollution-4914403_SergeiTokmakov_Pixabay-400x266.jpg 400w, https:\/\/www.mundusmaris.org\/wp-content\/uploads\/2024\/09\/BeachPollution-4914403_SergeiTokmakov_Pixabay.jpg 500w\" sizes=\"(max-width: 500px) 100vw, 500px\" \/><span class=\"HwtZe\" lang=\"it\"><span class=\"jCAhz ChMk0b\"><span class=\"ryNqvb\">Nel marzo 2022, l&#8217;Assemblea delle Nazioni Unite per l&#8217;ambiente ha deciso di istituire un Comitato negoziale intergovernativo (INC) per sviluppare un trattato internazionale giuridicamente vincolante che affrontasse l&#8217;inquinamento da plastica durante tutto il suo ciclo di vita, dalla produzione allo smaltimento.<\/span><\/span> Il <span class=\"jCAhz ChMk0b\"><span class=\"ryNqvb\">trattato, che dovrebbe essere il pi\u00f9 ambizioso fino ad oggi, potrebbe essere finalizzato tra il 2024 e il 2025 e regolerebbe l&#8217;uso della plastica in modo simile agli accordi sui cambiamenti climatici.<\/span><\/span> <span class=\"jCAhz ChMk0b\"><span class=\"ryNqvb\">Attualmente si trova in una fase particolarmente critica dei negoziati internazionali in cui le proposte per ridurre drasticamente l&#8217;uso della plastica e sostituire le materie prime di origine fossile con materie prime biodegradabili incontrano la resistenza di paesi e lobby legate al gas e al petrolio.<\/span><\/span><\/span><\/span><\/p>\n<p lang=\"es-ES\"><span class=\"HwtZe\" lang=\"it\"><span class=\"jCAhz ChMk0b\"><span class=\"ryNqvb\">Il 13 settembre 2024 la Segreteria dell&#8217;Ambiente dell&#8217;Argentina, in collaborazione con il Ministero degli Affari Esteri e la Segreteria della Pesca, ha organizzato un seminario su plastica e microplastiche (MP) nell&#8217;ambiente marino costiero del paese.<\/span><\/span> <span class=\"jCAhz ChMk0b\"><span class=\"ryNqvb\">Lo scopo dell&#8217;incontro era di riunire i gruppi di ricerca nazionali per lavorare verso una proposta di accordo internazionale per regolamentare la produzione e il consumo di plastica.<\/span><\/span> <span class=\"jCAhz ChMk0b\"><span class=\"ryNqvb\">Sono stati presentati in totale 58 progetti provenienti da diverse province costiere, molti dei quali incentrati sul problema delle microplastiche.<\/span><\/span><\/span><\/p>\n<p lang=\"es-ES\"><span lang=\"en-GB\"><span class=\"HwtZe\" lang=\"it\"><span class=\"jCAhz ChMk0b\"><span class=\"ryNqvb\">Uno dei progetti \u00e8 guidato da un gruppo di ricercatori di prestigiose istituzioni argentine, con cui collabora <em>Mundus maris<\/em>.<\/span><\/span> <span class=\"jCAhz ChMk0b\"><span class=\"ryNqvb\">Il\u00a0 team \u00e8 stato formato grazie all&#8217;iniziativa di Marcelo Morales Yokobori, dell&#8217;Universit\u00e0 di Belgrano e di <em>Mundus maris,<\/em> Diego Moreira del Centro per la ricerca marina e atmosferica (CIMA-CONICET-UBA) e Pablo Zorzoli del Servizio di idrografia navale (SHN), a cui si sono poi uniti Mat\u00edas Corn\u00fa, anche lui dello SHN, e Alejandra Elisei dell&#8217;Istituto nazionale di tecnologia industriale (INTI).<\/span><\/span><\/span><\/span><\/p>\n<p lang=\"es-ES\"><img decoding=\"async\" class=\"aligncenter wp-image-10055\" src=\"https:\/\/www.mundusmaris.org\/wp-content\/uploads\/2024\/09\/Encuentro-en-Subsecretaria-de-Ambiente.jpg\" alt=\"\" width=\"750\" height=\"494\" srcset=\"https:\/\/www.mundusmaris.org\/wp-content\/uploads\/2024\/09\/Encuentro-en-Subsecretaria-de-Ambiente-200x132.jpg 200w, https:\/\/www.mundusmaris.org\/wp-content\/uploads\/2024\/09\/Encuentro-en-Subsecretaria-de-Ambiente-300x198.jpg 300w, https:\/\/www.mundusmaris.org\/wp-content\/uploads\/2024\/09\/Encuentro-en-Subsecretaria-de-Ambiente-400x264.jpg 400w, https:\/\/www.mundusmaris.org\/wp-content\/uploads\/2024\/09\/Encuentro-en-Subsecretaria-de-Ambiente-600x395.jpg 600w, https:\/\/www.mundusmaris.org\/wp-content\/uploads\/2024\/09\/Encuentro-en-Subsecretaria-de-Ambiente-768x506.jpg 768w, https:\/\/www.mundusmaris.org\/wp-content\/uploads\/2024\/09\/Encuentro-en-Subsecretaria-de-Ambiente-800x527.jpg 800w, https:\/\/www.mundusmaris.org\/wp-content\/uploads\/2024\/09\/Encuentro-en-Subsecretaria-de-Ambiente.jpg 844w\" sizes=\"(max-width: 750px) 100vw, 750px\" \/><\/p>\n<p lang=\"es-ES\"><span class=\"HwtZe\" lang=\"it\"><span class=\"jCAhz ChMk0b\"><span class=\"ryNqvb\">L&#8217;obiettivo dello studio \u00e8 di indagare la presenza di microplastiche in campioni raccolti in otto siti situati alle foci di fiumi e canali sotterranei nella citt\u00e0 di Buenos Aires, uno dei principali centri dell&#8217;America Latina in cui il deflusso urbano viene scaricato attraverso i tombini.<\/span><\/span> <span class=\"jCAhz ChMk0b\"><span class=\"ryNqvb\">Saranno analizzati campioni di colonna d&#8217;acqua e sedimenti e le microplastiche saranno identificate non solo in base al colore e alla forma, ma anche tramite spettroscopia per determinare la loro composizione molecolare e dedurre potenziali fonti di contaminazione.<\/span><\/span> <span class=\"jCAhz\"><span class=\"ryNqvb\">Il progetto include anche confronti interannuali e stagionali.<\/span><\/span><\/span><\/p>\n<p lang=\"es-ES\"><span lang=\"en-GB\"><span class=\"HwtZe\" lang=\"it\"><span class=\"jCAhz ChMk0b\"><span class=\"ryNqvb\">Le microplastiche sono una problema importante a causa della loro capacit\u00e0 di assorbire composti come inquinanti organici persistenti (POP), pesticidi e metalli pesanti, che possono entrare nella catena alimentare tramite bioaccumulo e biomagnificazione, concentrando le tossine negli animali e negli esseri umani.<\/span><\/span> <span class=\"jCAhz ChMk0b\"><span class=\"ryNqvb\">Inoltre, le microplastiche contengono in genere additivi tossici come plastificanti, bisfenolo A (BPA) e ritardanti di fiamma, che possono fuoriuscire e rappresentare rischi per la salute, tra cui stress ossidativo, alterazioni endocrine e cancro.<\/span><\/span> <span class=\"jCAhz ChMk0b\"><span class=\"ryNqvb\">Possono anche trasportare microbi patogeni, aumentando i rischi per la salute pubblica.<\/span><\/span> <span class=\"jCAhz ChMk0b\"><span class=\"ryNqvb\">Sebbene l&#8217;impatto completo delle microplastiche sulla salute umana sia ancora in fase di studio, \u00e8 noto che aumentano l&#8217;esposizione a inquinanti e tossicit\u00e0, soprattutto in caso di esposizione prolungata.<\/span><\/span><\/span><\/span><\/p>\n<div id=\"attachment_10067\" style=\"width: 760px\" class=\"wp-caption aligncenter\"><img decoding=\"async\" aria-describedby=\"caption-attachment-10067\" class=\"wp-image-10067\" src=\"https:\/\/www.mundusmaris.org\/wp-content\/uploads\/2024\/09\/Mapa-sitios-de-muestreo-1.jpg\" alt=\"\" width=\"750\" height=\"438\" srcset=\"https:\/\/www.mundusmaris.org\/wp-content\/uploads\/2024\/09\/Mapa-sitios-de-muestreo-1-200x117.jpg 200w, https:\/\/www.mundusmaris.org\/wp-content\/uploads\/2024\/09\/Mapa-sitios-de-muestreo-1-300x175.jpg 300w, https:\/\/www.mundusmaris.org\/wp-content\/uploads\/2024\/09\/Mapa-sitios-de-muestreo-1-400x234.jpg 400w, https:\/\/www.mundusmaris.org\/wp-content\/uploads\/2024\/09\/Mapa-sitios-de-muestreo-1-600x350.jpg 600w, https:\/\/www.mundusmaris.org\/wp-content\/uploads\/2024\/09\/Mapa-sitios-de-muestreo-1.jpg 719w\" sizes=\"(max-width: 750px) 100vw, 750px\" \/><p id=\"caption-attachment-10067\" class=\"wp-caption-text\">Vista dei siti di campionazione in Buenos Aires<\/p><\/div>\n<p lang=\"es-ES\"><span class=\"HwtZe\" lang=\"it\"><span class=\"jCAhz ChMk0b\"><span class=\"ryNqvb\">Le loro piccole dimensioni, la persistenza e la capacit\u00e0 di infiltrarsi nei sistemi biologici li rendono particolarmente pericolosi, anche senza considerare il loro ruolo di vettori di inquinanti.<\/span><\/span> <span class=\"jCAhz ChMk0b\"><span class=\"ryNqvb\">I frammenti pi\u00f9 piccoli di 20 micron possono attraversare le barriere biologiche e causare infiammazione, stress ossidativo e alterazioni endocrine, potenzialmente causa di disturbi cardiovascolari, neurodegenerativi e riproduttivi.<\/span><\/span> <span class=\"jCAhz ChMk0b\"><span class=\"ryNqvb\">Se inalate, le microplastiche possono irritare i polmoni, causando infiammazione e aggravando le malattie respiratorie.<\/span><\/span> <span class=\"jCAhz ChMk0b\"><span class=\"ryNqvb\">Il loro accumulo in organi come polmoni e intestino comporta rischi di bioaccumulo a lungo termine.<\/span><\/span><\/span><\/p>\n<p lang=\"es-ES\"><span lang=\"en-GB\"><span class=\"HwtZe\" lang=\"it\"><span class=\"jCAhz ChMk0b\"><span class=\"ryNqvb\">Precedenti <a href=\"http:\/\/www.mundusmaris.org\/activities\/microplastic-a-public-health-issue\/\" target=\"_blank\" rel=\"noopener\">studie<\/a> condotti sui pesci del Buenos Aires Fishing Club, svolti presso l&#8217;Universit\u00e0 di Belgrano, hanno dimostrato che tutti gli individui esaminati contenevano microplastiche, con fibre come tipo predominante, per lo pi\u00f9 bianche o trasparenti, seguite da quelle rosse, verdi, blu e nere.<\/span><\/span> <span class=\"jCAhz ChMk0b\"><span class=\"ryNqvb\">Queste fibre assomigliano visivamente a quelle che si trovano negli abiti comunemente indossati nei grandi centri urbani come Buenos Aires.<\/span><\/span> <span class=\"jCAhz ChMk0b\"><span class=\"ryNqvb\">Questi studi nel loro assieme dovrebbero rafforzare le argomentazioni per un trattato vincolante.<\/span><\/span><\/span><\/span><\/p>\n<p lang=\"es-ES\"><span class=\"HwtZe\" lang=\"it\"><span class=\"jCAhz ChMk0b\"><span class=\"ryNqvb\">Una recente pubblicazione sulla rivista leader <em><a href=\"https:\/\/www.nature.com\/articles\/s41586-023-06939-z\" target=\"_blank\" rel=\"noopener\"><span lang=\"en-GB\">Nature<\/span><\/a><\/em> ha delineato l&#8217;approccio a quattro punte necessario per evitare il disastro dovuto agli effetti di potenziamento del cambiamento climatico e a livelli incalcolabili di inquinamento, se gli aumenti previsti della plastica non verranno frenati efficacemente dal trattato e dalle misure di accompagnamento.<\/span><\/span> <span class=\"jCAhz ChMk0b\"><span class=\"ryNqvb\">Gli autori propongono una visione per un&#8217;economia circolare della plastica.<\/span><\/span> <span class=\"jCAhz ChMk0b\"><span class=\"ryNqvb\">Il documento delinea una &#8220;roadmap estremamente ambiziosa che delinea la portata e la tempistica degli interventi economici e legali che potrebbero eventualmente supportarla. La valutazione della durata di vita utile e della recuperabilit\u00e0 dei prodotti in plastica, insieme a considerazioni di sufficienza e di progettazione intelligente, pu\u00f2 inoltre fornire principi di progettazione per guidare la futura produzione, l&#8217;utilizzo e smaltimento della plastica&#8221;.<\/span><\/span><\/span><\/p>\n<p lang=\"es-ES\"><span lang=\"en-GB\"><span class=\"HwtZe\" lang=\"it\"><span class=\"jCAhz ChMk0b\"><span class=\"ryNqvb\">Ridurre l&#8217;esposizione alle microplastiche e agli inquinanti che trasportano \u00e8 essenziale, evidenziando la necessit\u00e0 di ridurre al minimo i rifiuti di plastica alla fonte.<\/span><\/span> <span class=\"jCAhz ChMk0b\"><span class=\"ryNqvb\">Sebbene ci\u00f2 richieder\u00e0 un enorme sforzo internazionale, \u00e8 fondamentale che vengano raggiunti accordi che includano l&#8217;industria tessile.<\/span><\/span><\/span><\/span><\/p>\n","protected":false},"excerpt":{"rendered":"<p>Nel marzo 2022, l&#8217;Assemblea delle Nazioni Unite per l&#8217;ambiente ha deciso di istituire un Comitato negoziale intergovernativo (INC) per sviluppare un trattato internazionale giuridicamente vincolante che  [&#8230;]<\/p>\n","protected":false},"author":4,"featured_media":10052,"comment_status":"closed","ping_status":"closed","sticky":false,"template":"","format":"standard","meta":{"_acf_changed":false,"footnotes":""},"categories":[180],"tags":[],"class_list":["post-11682","post","type-post","status-publish","format-standard","has-post-thumbnail","hentry","category-oceano-in-buona-salute-vs-inquinamento"],"acf":[],"_links":{"self":[{"href":"https:\/\/www.mundusmaris.org\/it\/wp-json\/wp\/v2\/posts\/11682","targetHints":{"allow":["GET"]}}],"collection":[{"href":"https:\/\/www.mundusmaris.org\/it\/wp-json\/wp\/v2\/posts"}],"about":[{"href":"https:\/\/www.mundusmaris.org\/it\/wp-json\/wp\/v2\/types\/post"}],"author":[{"embeddable":true,"href":"https:\/\/www.mundusmaris.org\/it\/wp-json\/wp\/v2\/users\/4"}],"replies":[{"embeddable":true,"href":"https:\/\/www.mundusmaris.org\/it\/wp-json\/wp\/v2\/comments?post=11682"}],"version-history":[{"count":3,"href":"https:\/\/www.mundusmaris.org\/it\/wp-json\/wp\/v2\/posts\/11682\/revisions"}],"predecessor-version":[{"id":13798,"href":"https:\/\/www.mundusmaris.org\/it\/wp-json\/wp\/v2\/posts\/11682\/revisions\/13798"}],"wp:featuredmedia":[{"embeddable":true,"href":"https:\/\/www.mundusmaris.org\/it\/wp-json\/wp\/v2\/media\/10052"}],"wp:attachment":[{"href":"https:\/\/www.mundusmaris.org\/it\/wp-json\/wp\/v2\/media?parent=11682"}],"wp:term":[{"taxonomy":"category","embeddable":true,"href":"https:\/\/www.mundusmaris.org\/it\/wp-json\/wp\/v2\/categories?post=11682"},{"taxonomy":"post_tag","embeddable":true,"href":"https:\/\/www.mundusmaris.org\/it\/wp-json\/wp\/v2\/tags?post=11682"}],"curies":[{"name":"wp","href":"https:\/\/api.w.org\/{rel}","templated":true}]}}