{"id":21424,"date":"2026-07-20T09:05:34","date_gmt":"2026-07-20T09:05:34","guid":{"rendered":"https:\/\/www.mundusmaris.org\/?p=21424"},"modified":"2026-08-17T09:40:08","modified_gmt":"2026-08-17T09:40:08","slug":"mundus-maris-prend-part-a-la-journee-des-metiers-de-la-sacsan","status":"publish","type":"post","link":"https:\/\/www.mundusmaris.org\/fr\/education-et-sensibilisation-a-ocean\/mundus-maris-prend-part-a-la-journee-des-metiers-de-la-sacsan\/","title":{"rendered":"Mundus maris prend part \u00e0 la Journ\u00e9e des m\u00e9tiers de la SACSAN"},"content":{"rendered":"<div class=\"fusion-fullwidth fullwidth-box fusion-builder-row-1 fusion-flex-container has-pattern-background has-mask-background nonhundred-percent-fullwidth non-hundred-percent-height-scrolling\" style=\"--awb-border-radius-top-left:0px;--awb-border-radius-top-right:0px;--awb-border-radius-bottom-right:0px;--awb-border-radius-bottom-left:0px;--awb-flex-wrap:wrap;\" ><div class=\"fusion-builder-row fusion-row fusion-flex-align-items-flex-start fusion-flex-content-wrap\" style=\"max-width:1248px;margin-left: calc(-4% \/ 2 );margin-right: calc(-4% \/ 2 );\"><div class=\"fusion-layout-column fusion_builder_column fusion-builder-column-0 fusion_builder_column_1_1 1_1 fusion-flex-column\" style=\"--awb-bg-size:cover;--awb-width-large:100%;--awb-margin-top-large:0px;--awb-spacing-right-large:1.92%;--awb-margin-bottom-large:20px;--awb-spacing-left-large:1.92%;--awb-width-medium:100%;--awb-order-medium:0;--awb-spacing-right-medium:1.92%;--awb-spacing-left-medium:1.92%;--awb-width-small:100%;--awb-order-small:0;--awb-spacing-right-small:1.92%;--awb-spacing-left-small:1.92%;\"><div class=\"fusion-column-wrapper fusion-column-has-shadow fusion-flex-justify-content-flex-start fusion-content-layout-column\"><div class=\"fusion-text fusion-text-1\"><p><img decoding=\"async\" class=\"alignright size-full wp-image-21418\" src=\"https:\/\/www.mundusmaris.org\/wp-content\/uploads\/2026\/08\/KidsListeningInClass500-rotated.jpg\" alt=\"\" width=\"500\" height=\"768\" srcset=\"https:\/\/www.mundusmaris.org\/wp-content\/uploads\/2026\/08\/KidsListeningInClass500-195x300.jpg 195w, https:\/\/www.mundusmaris.org\/wp-content\/uploads\/2026\/08\/KidsListeningInClass500-200x307.jpg 200w, https:\/\/www.mundusmaris.org\/wp-content\/uploads\/2026\/08\/KidsListeningInClass500-400x614.jpg 400w, https:\/\/www.mundusmaris.org\/wp-content\/uploads\/2026\/08\/KidsListeningInClass500-rotated.jpg 500w\" sizes=\"(max-width: 500px) 100vw, 500px\" \/><\/p>\n<p>Dans le cadre de son engagement en faveur de la sensibilisation aux oc\u00e9ans, de la durabilit\u00e9 marine et de l&rsquo;orientation professionnelle, <em>Mundus maris<\/em> a particip\u00e9 au programme \u00ab Je suis un h\u00e9ros de ma communaut\u00e9 \u00bb (I Am a Community Hero), organis\u00e9 le 2 juillet 2026 par la fondation Save-A-Child-Save-A-Nation (SACSAN). Ce programme s&rsquo;est d\u00e9roul\u00e9 sous l&rsquo;\u00e9gide de l&rsquo;Autorit\u00e9 locale charg\u00e9e de l&rsquo;\u00e9ducation (LGEA) de Mushin et Surulere, avec l&rsquo;accord du Conseil de l&rsquo;\u00e9ducation fondamentale pour tous (Universal Basic Education) de l&rsquo;\u00c9tat de Lagos (LASUBEB).<\/p>\n<p>Cette initiative avait pour objectif d&rsquo;inciter les jeunes \u00e9l\u00e8ves \u00e0 d\u00e9couvrir les perspectives professionnelles passionnantes offertes par l&rsquo;\u00e9conomie bleue, tout en leur faisant prendre conscience de l&rsquo;importance de l&rsquo;oc\u00e9an et des \u00e9cosyst\u00e8mes marins, ainsi que du r\u00f4le jou\u00e9 par les sciences, la technologie, l&rsquo;ing\u00e9nierie, les arts et l&rsquo;innovation pour garantir un avenir durable. \u00ab <em>Il s\u2019agit d\u2019un programme d\u2019orientation professionnelle destin\u00e9 aux \u00e9l\u00e8ves de JSS3 (9e ann\u00e9e) qui passent de l\u2019enseignement fondamental \u00e0 l\u2019enseignement post-fondamental. \u00c0 cette \u00e9tape cruciale, les \u00e9l\u00e8ves prennent leurs premi\u00e8res d\u00e9cisions importantes en mati\u00e8re d\u2019orientation professionnelle, et qui d\u00e9termineront leur parcours futur. Ce programme aide les \u00e9l\u00e8ves \u00e0 comprendre l\u2019importance du travail et leur permet d\u2019acqu\u00e9rir les comp\u00e9tences essentielles pour prendre des d\u00e9cisions en mati\u00e8re d\u2019orientation professionnelle<\/em> \u00bb, expliquent les principaux organisateurs de la Fondation SACSAN.<\/p>\n<p>Ce programme a r\u00e9uni environ 400 \u00e9l\u00e8ves issus de douze \u00e9coles primaires publiques. Parmi celles-ci, on peut citer notamment les suivantes :<\/p>\n<ul>\n<li>\u00c9cole primaire Wesley I pour sourds<\/li>\n<li>\u00c9cole primaire Wesley II pour sourds<\/li>\n<li>\u00c9cole primaire Layi Oyekanmi (\u00e9cole d&rsquo;accueil)<\/li>\n<li>\u00c9cole primaire Ansar-Ud-Deen<\/li>\n<li>\u00c9cole primaire m\u00e9thodiste<\/li>\n<li>\u00c9cole primaire Ajeabo<\/li>\n<\/ul>\n<\/div><div class=\"fusion-text fusion-text-2\"><p><img decoding=\"async\" class=\"alignright size-full wp-image-21419\" src=\"https:\/\/www.mundusmaris.org\/wp-content\/uploads\/2026\/08\/KidsListeningInClass_500-rotated.jpg\" alt=\"\" width=\"500\" height=\"775\" srcset=\"https:\/\/www.mundusmaris.org\/wp-content\/uploads\/2026\/08\/KidsListeningInClass_500-194x300.jpg 194w, https:\/\/www.mundusmaris.org\/wp-content\/uploads\/2026\/08\/KidsListeningInClass_500-200x310.jpg 200w, https:\/\/www.mundusmaris.org\/wp-content\/uploads\/2026\/08\/KidsListeningInClass_500-400x620.jpg 400w, https:\/\/www.mundusmaris.org\/wp-content\/uploads\/2026\/08\/KidsListeningInClass_500-rotated.jpg 500w\" sizes=\"(max-width: 500px) 100vw, 500px\" \/><\/p>\n<p>La participation des \u00e9coles primaires Wesley I et II pour sourds a rev\u00eatu une importance particuli\u00e8re, car elle a permis d\u2019assurer la pleine inclusion des enfants malentendants dans le programme de d\u00e9couverte des m\u00e9tiers. Cela t\u00e9moigne de l\u2019engagement de Mundus maris en faveur d\u2019une \u00e9ducation inclusive sur l\u2019oc\u00e9an, visant \u00e0 garantir que chaque enfant, quelles que soient ses capacit\u00e9s, ait acc\u00e8s aux opportunit\u00e9s offertes par l\u2019\u00e9conomie bleue.<\/p>\n<p>L&rsquo;\u00e9quipe de <em>Mundus maris<\/em> a anim\u00e9 une pr\u00e9sentation captivante et tr\u00e8s interactive visant \u00e0 faire d\u00e9couvrir aux \u00e9l\u00e8ves le monde fascinant de l&rsquo;oc\u00e9anographie et des sciences marines. \u00c0 l&rsquo;aide d&rsquo;un tableau illustr\u00e9 pr\u00e9sentant les m\u00e9tiers de l&rsquo;oc\u00e9anographie, les \u00e9l\u00e8ves ont pu d\u00e9couvrir de nombreux parcours professionnels li\u00e9s \u00e0 l\u2019oc\u00e9an, notamment :<\/p>\n<ul>\n<li>Oc\u00e9anographe<\/li>\n<li>Biologiste marin<\/li>\n<li>Ing\u00e9nieur maritime<\/li>\n<li>Architecte naval<\/li>\n<li>Hydrograph<\/li>\n<li>Arch\u00e9ologue marin<\/li>\n<li>Oc\u00e9anographe en sciences physiques<\/li>\n<li>Sp\u00e9cialiste en robotique marine<\/li>\n<li>Expert en t\u00e9l\u00e9d\u00e9tection et oc\u00e9anographie par satellite<\/li>\n<li>Charg\u00e9 de mission en sant\u00e9 environnementale<\/li>\n<li>Professionnel des nouvelles technologies ICT, et bien d&rsquo;autres encore<\/li>\n<\/ul>\n<p>Les pr\u00e9sentations ont montr\u00e9 que les m\u00e9tiers li\u00e9s \u00e0 l\u2019oc\u00e9an vont bien au-del\u00e0 de la p\u00eache et du transport maritime, en mettant en avant les opportunit\u00e9s dans les domaines des sciences, de l&rsquo;ing\u00e9nierie, de la technologie, de l&rsquo;innovation, de la protection de l&rsquo;environnement, de la robotique, des \u00e9nergies renouvelables, de la cartographie num\u00e9rique et des arts cr\u00e9atifs.<\/p>\n<p>Afin de consolider leurs acquis, les \u00e9l\u00e8ves ont particip\u00e9 avec grand enthousiasme \u00e0 un quiz interactif proposant des questions pertinentes sur l&rsquo;exploration oc\u00e9anographique, la biodiversit\u00e9 marine, la robotique sous-marine, la technologie satellitaire, l&rsquo;hydrographie, les \u00e9nergies marines renouvelables, les sciences nautiques, la logistique maritime et la conservation du milieu marin.<\/p>\n<\/div><div class=\"fusion-text fusion-text-3\"><p><img decoding=\"async\" class=\"size-full wp-image-21420 aligncenter\" src=\"https:\/\/www.mundusmaris.org\/wp-content\/uploads\/2026\/08\/BeACommunityHero_800.jpg\" alt=\"\" width=\"800\" height=\"772\" srcset=\"https:\/\/www.mundusmaris.org\/wp-content\/uploads\/2026\/08\/BeACommunityHero_800-200x193.jpg 200w, https:\/\/www.mundusmaris.org\/wp-content\/uploads\/2026\/08\/BeACommunityHero_800-300x290.jpg 300w, https:\/\/www.mundusmaris.org\/wp-content\/uploads\/2026\/08\/BeACommunityHero_800-400x386.jpg 400w, https:\/\/www.mundusmaris.org\/wp-content\/uploads\/2026\/08\/BeACommunityHero_800-600x579.jpg 600w, https:\/\/www.mundusmaris.org\/wp-content\/uploads\/2026\/08\/BeACommunityHero_800-768x741.jpg 768w, https:\/\/www.mundusmaris.org\/wp-content\/uploads\/2026\/08\/BeACommunityHero_800.jpg 800w\" sizes=\"(max-width: 800px) 100vw, 800px\" \/><\/p>\n<p>Ce quiz a suscit\u00e9 un immense enthousiasme et une grande curiosit\u00e9 chez les \u00e9l\u00e8ves. Il convient notamment de souligner que l&rsquo;\u00e9cole primaire Wesley II pour sourds s&rsquo;est class\u00e9e deuxi\u00e8me du concours, d\u00e9montrant ainsi que les environnements d&rsquo;apprentissage inclusifs peuvent favoriser avec succ\u00e8s l&rsquo;excellence et la confiance en soi chez les enfants en situation de handicap.<\/p>\n<p>Ce programme a permis aux \u00e9l\u00e8ves de d\u00e9couvrir les m\u00e9tiers \u00e9mergents de l&rsquo;\u00e9conomie bleue, tout en les encourageant \u00e0 se projeter dans des r\u00f4les de futurs scientifiques, ing\u00e9nieurs, innovateurs, d\u00e9fenseurs de l&rsquo;environnement et leaders communautaires.<\/p>\n<p>Gr\u00e2ce \u00e0 des r\u00e9cits captivants, des exemples concrets, des supports p\u00e9dagogiques visuels et des discussions interactives, les \u00e9l\u00e8ves ont pu mieux appr\u00e9hender :<\/p>\n<ul>\n<li>L&rsquo;importance d\u2019un oc\u00e9an sain pour la vie humaine.<\/li>\n<li>La biodiversit\u00e9 marine et la pr\u00e9servation de l&rsquo;environnement.<\/li>\n<li>La mise en application de la science et de la technologie pour relever les d\u00e9fis li\u00e9s \u00e0 l\u2019oc\u00e9an.<\/li>\n<li>Les nombreuses opportunit\u00e9s de carri\u00e8re offertes dans les domaines de l&rsquo;oc\u00e9anographie et de l&rsquo;\u00e9conomie bleue.<\/li>\n<\/ul>\n<\/div><div class=\"fusion-text fusion-text-4\"><div id=\"attachment_21421\" style=\"width: 810px\" class=\"wp-caption aligncenter\"><img decoding=\"async\" aria-describedby=\"caption-attachment-21421\" class=\"size-full wp-image-21421\" src=\"https:\/\/www.mundusmaris.org\/wp-content\/uploads\/2026\/08\/RecognisingHeros.jpg\" alt=\"\" width=\"800\" height=\"757\" srcset=\"https:\/\/www.mundusmaris.org\/wp-content\/uploads\/2026\/08\/RecognisingHeros-200x189.jpg 200w, https:\/\/www.mundusmaris.org\/wp-content\/uploads\/2026\/08\/RecognisingHeros-300x284.jpg 300w, https:\/\/www.mundusmaris.org\/wp-content\/uploads\/2026\/08\/RecognisingHeros-400x379.jpg 400w, https:\/\/www.mundusmaris.org\/wp-content\/uploads\/2026\/08\/RecognisingHeros-600x568.jpg 600w, https:\/\/www.mundusmaris.org\/wp-content\/uploads\/2026\/08\/RecognisingHeros-768x727.jpg 768w, https:\/\/www.mundusmaris.org\/wp-content\/uploads\/2026\/08\/RecognisingHeros.jpg 800w\" sizes=\"(max-width: 800px) 100vw, 800px\" \/><p id=\"caption-attachment-21421\" class=\"wp-caption-text\">Hommage aux h\u00e9ros locaux du jour (\u00e0 gauche, remettant le dipl\u00f4me : le Dr Abiodun-Solanke, de <em>Mundus maris<\/em>)<\/p><\/div>\n<p>Cet \u00e9v\u00e9nement a \u00e9galement permis de sensibiliser davantage \u00e0 l&rsquo;importance de l&rsquo;inclusion en garantissant une participation effective des \u00e9l\u00e8ves issus d&rsquo;\u00e9coles pour sourds.<\/p>\n<p><em>Mundus maris<\/em> poursuit son engagement \u00e0 inspirer la prochaine g\u00e9n\u00e9ration gr\u00e2ce \u00e0 la sensibilisation \u00e0 l&rsquo;oc\u00e9an, \u00e0 l&rsquo;enseignement des sciences et \u00e0 des initiatives en faveur du d\u00e9veloppement durable. En faisant d\u00e9couvrir aux jeunes apprenants, notamment aux enfants issus de communaut\u00e9s d\u00e9favoris\u00e9es et aux personnes en situation de handicap, les m\u00e9tiers passionnants de l&rsquo;oc\u00e9anographie et de l&rsquo;\u00e9conomie bleue, l&rsquo;organisation continue de former les futurs leaders qui contribueront \u00e0 la pr\u00e9servation de la sant\u00e9 de l&rsquo;oc\u00e9an et \u00e0 la mise en place de soci\u00e9t\u00e9s plus r\u00e9silientes.<\/p>\n<p>Le succ\u00e8s de ce programme d\u00e9montre une fois de plus l&rsquo;int\u00e9r\u00eat des partenariats entre les \u00e9tablissements d&rsquo;enseignement, les organisations de la soci\u00e9t\u00e9 civile et les organismes publics pour pr\u00e9parer les jeunes \u00e0 des carri\u00e8res qui contribuent au d\u00e9veloppement durable et \u00e0 la pr\u00e9servation de notre environnement marin commun.<\/p>\n<p>Texte et photos avec l&rsquo;aimable autorisation du Dr Ayojesutomi Abiodun-Solanke.<\/p>\n<\/div><\/div><\/div><\/div><\/div>\n","protected":false},"excerpt":{"rendered":"","protected":false},"author":6,"featured_media":21446,"comment_status":"closed","ping_status":"closed","sticky":false,"template":"","format":"standard","meta":{"_acf_changed":false,"footnotes":""},"categories":[190],"tags":[],"class_list":["post-21424","post","type-post","status-publish","format-standard","has-post-thumbnail","hentry","category-education-et-sensibilisation-a-ocean"],"acf":[],"_links":{"self":[{"href":"https:\/\/www.mundusmaris.org\/fr\/wp-json\/wp\/v2\/posts\/21424","targetHints":{"allow":["GET"]}}],"collection":[{"href":"https:\/\/www.mundusmaris.org\/fr\/wp-json\/wp\/v2\/posts"}],"about":[{"href":"https:\/\/www.mundusmaris.org\/fr\/wp-json\/wp\/v2\/types\/post"}],"author":[{"embeddable":true,"href":"https:\/\/www.mundusmaris.org\/fr\/wp-json\/wp\/v2\/users\/6"}],"replies":[{"embeddable":true,"href":"https:\/\/www.mundusmaris.org\/fr\/wp-json\/wp\/v2\/comments?post=21424"}],"version-history":[{"count":5,"href":"https:\/\/www.mundusmaris.org\/fr\/wp-json\/wp\/v2\/posts\/21424\/revisions"}],"predecessor-version":[{"id":21638,"href":"https:\/\/www.mundusmaris.org\/fr\/wp-json\/wp\/v2\/posts\/21424\/revisions\/21638"}],"wp:featuredmedia":[{"embeddable":true,"href":"https:\/\/www.mundusmaris.org\/fr\/wp-json\/wp\/v2\/media\/21446"}],"wp:attachment":[{"href":"https:\/\/www.mundusmaris.org\/fr\/wp-json\/wp\/v2\/media?parent=21424"}],"wp:term":[{"taxonomy":"category","embeddable":true,"href":"https:\/\/www.mundusmaris.org\/fr\/wp-json\/wp\/v2\/categories?post=21424"},{"taxonomy":"post_tag","embeddable":true,"href":"https:\/\/www.mundusmaris.org\/fr\/wp-json\/wp\/v2\/tags?post=21424"}],"curies":[{"name":"wp","href":"https:\/\/api.w.org\/{rel}","templated":true}]}}