{"id":20252,"date":"2026-03-29T22:26:33","date_gmt":"2026-03-29T22:26:33","guid":{"rendered":"https:\/\/www.mundusmaris.org\/non-classifiee\/expedition-ocean\/"},"modified":"2026-04-19T11:57:04","modified_gmt":"2026-04-19T11:57:04","slug":"expedition-ocean","status":"publish","type":"post","link":"https:\/\/www.mundusmaris.org\/fr\/expositions\/expedition-ocean\/","title":{"rendered":"Exp\u00e9dition Oc\u00e9an"},"content":{"rendered":"<div class=\"fusion-fullwidth fullwidth-box fusion-builder-row-1 fusion-flex-container has-pattern-background has-mask-background nonhundred-percent-fullwidth non-hundred-percent-height-scrolling\" style=\"--awb-border-radius-top-left:0px;--awb-border-radius-top-right:0px;--awb-border-radius-bottom-right:0px;--awb-border-radius-bottom-left:0px;--awb-flex-wrap:wrap;\" ><div class=\"fusion-builder-row fusion-row fusion-flex-align-items-flex-start fusion-flex-content-wrap\" style=\"max-width:1248px;margin-left: calc(-4% \/ 2 );margin-right: calc(-4% \/ 2 );\"><div class=\"fusion-layout-column fusion_builder_column fusion-builder-column-0 fusion_builder_column_1_1 1_1 fusion-flex-column\" style=\"--awb-bg-size:cover;--awb-width-large:100%;--awb-margin-top-large:0px;--awb-spacing-right-large:1.92%;--awb-margin-bottom-large:20px;--awb-spacing-left-large:1.92%;--awb-width-medium:100%;--awb-order-medium:0;--awb-spacing-right-medium:1.92%;--awb-spacing-left-medium:1.92%;--awb-width-small:100%;--awb-order-small:0;--awb-spacing-right-small:1.92%;--awb-spacing-left-small:1.92%;\"><div class=\"fusion-column-wrapper fusion-column-has-shadow fusion-flex-justify-content-flex-start fusion-content-layout-column\"><div class=\"fusion-text fusion-text-1\"><div id=\"attachment_18729\" style=\"width: 510px\" class=\"wp-caption alignright\"><img decoding=\"async\" aria-describedby=\"caption-attachment-18729\" class=\"size-full wp-image-18729\" src=\"https:\/\/www.mundusmaris.org\/wp-content\/uploads\/2025\/10\/The_Earth_seen_from_Apollo17_500.jpg\" alt=\"\" width=\"500\" height=\"501\" srcset=\"https:\/\/www.mundusmaris.org\/wp-content\/uploads\/2025\/10\/The_Earth_seen_from_Apollo17_500-66x66.jpg 66w, https:\/\/www.mundusmaris.org\/wp-content\/uploads\/2025\/10\/The_Earth_seen_from_Apollo17_500-150x150.jpg 150w, https:\/\/www.mundusmaris.org\/wp-content\/uploads\/2025\/10\/The_Earth_seen_from_Apollo17_500-200x200.jpg 200w, https:\/\/www.mundusmaris.org\/wp-content\/uploads\/2025\/10\/The_Earth_seen_from_Apollo17_500-300x300.jpg 300w, https:\/\/www.mundusmaris.org\/wp-content\/uploads\/2025\/10\/The_Earth_seen_from_Apollo17_500-400x401.jpg 400w, https:\/\/www.mundusmaris.org\/wp-content\/uploads\/2025\/10\/The_Earth_seen_from_Apollo17_500.jpg 500w\" sizes=\"(max-width: 500px) 100vw, 500px\" \/><p id=\"caption-attachment-18729\" class=\"wp-caption-text\">\u00ab La boule bleue \u00bb, photographi\u00e9e en 1972 par Harrison Schmitt, membre de l&rsquo;\u00e9quipage d&rsquo;Apollo 17. La photo originale avait \u00e9t\u00e9 prise avec le p\u00f4le Sud en haut de l&rsquo;image ; c&rsquo;est cependant cette version qui a \u00e9t\u00e9 la plus largement diffus\u00e9e.<\/p><\/div>\n<p>En 1972, l&rsquo;\u00e9quipage d&rsquo;Apollo 17 a pris la c\u00e9l\u00e8bre photo de notre plan\u00e8te bleue compos\u00e9e \u00e0 71 % d&rsquo;oc\u00e9an, le plus grand \u00e9cosyst\u00e8me interconnect\u00e9, soit environ 99 % de l&rsquo;espace vital en volume. Avec, plus de deux millions d\u2019esp\u00e8ces estim\u00e9es, son r\u00f4le de r\u00e9gulateur du climat et de producteur de plus de la moiti\u00e9 de l&rsquo;oxyg\u00e8ne pr\u00e9sent dans l&rsquo;atmosph\u00e8re, sans parler de son importance pour l&rsquo;alimentation, le commerce, l&#8217;emploi et les loisirs, l&rsquo;Oc\u00e9an est essentiel \u00e0 la vie sur Terre et aux civilisations humaines.<\/p>\n<p>L&rsquo;exposition, organis\u00e9e avec brio par Katharina Chrubasic et Agnieszka Luli\u0144ska, et g\u00e9n\u00e9reusement soutenue par l\u2019institut GEOMAR Helmholtz Center for Ocean Research de Kiel, son partenaire scientifique, proposait un mixte captivant m\u00ealant sciences marines et exploration depuis les origines jusqu&rsquo;\u00e0 nos jours, l&rsquo;exploitation et la protection des ressources marines, ainsi que l&rsquo;art, l&rsquo;aventure et les mythes li\u00e9s aux sept mers.<\/p>\n<p>D\u00e8s les ann\u00e9es 1960, Elisabeth Mann Borgese lan\u00e7ait cet avertissement : \u00ab Nous devons sauver l&rsquo;oc\u00e9an si nous voulons nous sauver nous-m\u00eames \u00bb. Cette exposition rev\u00eat donc aujourd&rsquo;hui une importance encore plus grande, \u00e0 une \u00e9poque o\u00f9 les \u00e9cosyst\u00e8mes marins sont gravement menac\u00e9s par la surexploitation, la pollution, les effets du changement climatique et l&rsquo;aggravation des in\u00e9galit\u00e9s sociales et \u00e9conomiques.<\/p>\n<p>Pensez \u00e9galement au mi-parcours de la <a href=\"https:\/\/oceandecade.org\/fr\/\" target=\"_blank\" rel=\"noopener\">D\u00e9cennie des Nations Unies pour l&rsquo;oc\u00e9an<\/a> (2021-2030) \u2013 10 ans, 10 d\u00e9fis, 1 oc\u00e9an \u2013 et vous obtenez un excellent cadre pour l&rsquo;exposition \u00ab Expedition Weltmeere \u00bb \u00e0 la Bundeskunsthalle de Bonn.<\/p>\n<p><img decoding=\"async\" class=\"size-full wp-image-20237 aligncenter\" src=\"https:\/\/www.mundusmaris.org\/wp-content\/uploads\/2026\/04\/UN-OceanDecade10Challenges.jpg\" alt=\"\" width=\"800\" height=\"600\" srcset=\"https:\/\/www.mundusmaris.org\/wp-content\/uploads\/2026\/04\/UN-OceanDecade10Challenges-200x150.jpg 200w, https:\/\/www.mundusmaris.org\/wp-content\/uploads\/2026\/04\/UN-OceanDecade10Challenges-300x225.jpg 300w, https:\/\/www.mundusmaris.org\/wp-content\/uploads\/2026\/04\/UN-OceanDecade10Challenges-400x300.jpg 400w, https:\/\/www.mundusmaris.org\/wp-content\/uploads\/2026\/04\/UN-OceanDecade10Challenges-600x450.jpg 600w, https:\/\/www.mundusmaris.org\/wp-content\/uploads\/2026\/04\/UN-OceanDecade10Challenges-768x576.jpg 768w, https:\/\/www.mundusmaris.org\/wp-content\/uploads\/2026\/04\/UN-OceanDecade10Challenges.jpg 800w\" sizes=\"(max-width: 800px) 100vw, 800px\" \/><\/p>\n<\/div><div class=\"fusion-text fusion-text-2\"><p>Les quelques photos pr\u00e9sent\u00e9es ci-dessous donnent un aper\u00e7u des diff\u00e9rentes composantes de l&rsquo;exposition : depuis les magnifiques photos jusqu&rsquo;aux sp\u00e9cimens de poissons conserv\u00e9s au mus\u00e9e, en passant par les \u00e9tonnantes maquettes en verre repr\u00e9sentant des organismes fragiles des profondeurs marines, r\u00e9alis\u00e9es avec brio par le duo p\u00e8re-fils Leopold et Rudolf Blaschka. Chaque sp\u00e9cimen nous rappelle \u00e0 quel point nous avons encore beaucoup \u00e0 apprendre sur l&rsquo;oc\u00e9an. Ci-dessous, une photo de Phronima sedentaria, un crustac\u00e9 \u00e9galement surnomm\u00e9 la \u00ab super maman \u00bb en raison de la fa\u00e7on dont cette esp\u00e8ce prot\u00e8ge sa prog\u00e9niture.<br \/>\nLes quelques photos pr\u00e9sent\u00e9es ci-dessous donnent un aper\u00e7u des diff\u00e9rentes composantes de l&rsquo;exposition : depuis les magnifiques photos jusqu&rsquo;aux sp\u00e9cimens de poissons conserv\u00e9s au mus\u00e9e, en passant par les \u00e9tonnantes maquettes en verre repr\u00e9sentant des organismes fragiles des profondeurs marines, r\u00e9alis\u00e9es avec brio par le duo p\u00e8re-fils Leopold et Rudolf Blaschka. Chaque sp\u00e9cimen nous rappelle \u00e0 quel point nous avons encore beaucoup \u00e0 apprendre sur l&rsquo;oc\u00e9an. Ci-dessous, une photo de <a href=\"https:\/\/www.sealifebase.ca\/summary\/Phronima-sedentaria.html\" target=\"_blank\" rel=\"noopener\"><em>Phronima sedentaria<\/em><\/a>, un crustac\u00e9 \u00e9galement surnomm\u00e9 la \u00ab super maman \u00bb en raison de la fa\u00e7on dont cette esp\u00e8ce prot\u00e8ge sa prog\u00e9niture..<\/p>\n<div id=\"attachment_20239\" style=\"width: 778px\" class=\"wp-caption aligncenter\"><img decoding=\"async\" aria-describedby=\"caption-attachment-20239\" class=\"size-large wp-image-20239\" src=\"https:\/\/www.mundusmaris.org\/wp-content\/uploads\/2026\/04\/Phronima-sedentaria-6cm_800-768x1024.jpg\" alt=\"\" width=\"768\" height=\"1024\" srcset=\"https:\/\/www.mundusmaris.org\/wp-content\/uploads\/2026\/04\/Phronima-sedentaria-6cm_800-200x267.jpg 200w, https:\/\/www.mundusmaris.org\/wp-content\/uploads\/2026\/04\/Phronima-sedentaria-6cm_800-225x300.jpg 225w, https:\/\/www.mundusmaris.org\/wp-content\/uploads\/2026\/04\/Phronima-sedentaria-6cm_800-400x534.jpg 400w, https:\/\/www.mundusmaris.org\/wp-content\/uploads\/2026\/04\/Phronima-sedentaria-6cm_800-600x800.jpg 600w, https:\/\/www.mundusmaris.org\/wp-content\/uploads\/2026\/04\/Phronima-sedentaria-6cm_800-768x1024.jpg 768w, https:\/\/www.mundusmaris.org\/wp-content\/uploads\/2026\/04\/Phronima-sedentaria-6cm_800-rotated.jpg 800w\" sizes=\"(max-width: 768px) 100vw, 768px\" \/><p id=\"caption-attachment-20239\" class=\"wp-caption-text\"><em>Phronima sedentaria,<\/em> un amphipode des grands fonds, crustac\u00e9 pouvant atteindre 6 cm de long. Elle vide un salpe pour prot\u00e9ger ses petits, qu\u2019elle transporte dans cette sorte de \u00ab tonneau-landau \u00bb<\/p><\/div>\n<p>\u00c0 l&rsquo;inverse, dans les eaux superficielles baign\u00e9es de lumi\u00e8re, <a href=\"https:\/\/sealifebase.ca\/summary\/Palmaria-palmata.html\" target=\"_blank\" rel=\"noopener\"><em>Palmaria palmata<\/em><\/a> est tr\u00e8s r\u00e9pandue dans les zones de mar\u00e9e et intertidale de l&rsquo;Atlantique et du Pacifique Nord. Elle est consomm\u00e9e comme snack depuis des si\u00e8cles dans de nombreuses r\u00e9gions.<\/p>\n<div id=\"attachment_20240\" style=\"width: 810px\" class=\"wp-caption aligncenter\"><img decoding=\"async\" aria-describedby=\"caption-attachment-20240\" class=\"size-full wp-image-20240\" src=\"https:\/\/www.mundusmaris.org\/wp-content\/uploads\/2026\/04\/Palmaria-palmata_800.jpg\" alt=\"\" width=\"800\" height=\"600\" srcset=\"https:\/\/www.mundusmaris.org\/wp-content\/uploads\/2026\/04\/Palmaria-palmata_800-200x150.jpg 200w, https:\/\/www.mundusmaris.org\/wp-content\/uploads\/2026\/04\/Palmaria-palmata_800-300x225.jpg 300w, https:\/\/www.mundusmaris.org\/wp-content\/uploads\/2026\/04\/Palmaria-palmata_800-400x300.jpg 400w, https:\/\/www.mundusmaris.org\/wp-content\/uploads\/2026\/04\/Palmaria-palmata_800-600x450.jpg 600w, https:\/\/www.mundusmaris.org\/wp-content\/uploads\/2026\/04\/Palmaria-palmata_800-768x576.jpg 768w, https:\/\/www.mundusmaris.org\/wp-content\/uploads\/2026\/04\/Palmaria-palmata_800.jpg 800w\" sizes=\"(max-width: 800px) 100vw, 800px\" \/><p id=\"caption-attachment-20240\" class=\"wp-caption-text\"><em>Palmaria palmata<\/em>, commun\u00e9ment appel\u00e9e ulve rouge, est une algue rouge que l&rsquo;on trouve dans la zone intertidale des eaux temp\u00e9r\u00e9es et froides<\/p><\/div>\n<\/div><div class=\"fusion-text fusion-text-3\"><p>En parcourant les salles d&rsquo;exposition, on ne peut s&#8217;emp\u00eacher d&rsquo;\u00e9prouver un profond respect pour ces personnes courageuses et curieuses qui ont contribu\u00e9 \u00e0 fa\u00e7onner notre connaissance actuelle de l&rsquo;oc\u00e9an, en accumulant observations, r\u00e9cits et innovations ; pourtant, plus nous explorons gr\u00e2ce aux moyens modernes, plus nous prenons conscience de tout ce qu&rsquo;il reste encore \u00e0 \u00e9tudier, \u00e0 documenter et \u00e0 partager avec patience et attention.<\/p>\n<div id=\"attachment_20242\" style=\"width: 810px\" class=\"wp-caption aligncenter\"><img decoding=\"async\" aria-describedby=\"caption-attachment-20242\" class=\"size-full wp-image-20242\" src=\"https:\/\/www.mundusmaris.org\/wp-content\/uploads\/2026\/04\/HistoricalSailship-800.jpg\" alt=\"\" width=\"800\" height=\"599\" srcset=\"https:\/\/www.mundusmaris.org\/wp-content\/uploads\/2026\/04\/HistoricalSailship-800-200x150.jpg 200w, https:\/\/www.mundusmaris.org\/wp-content\/uploads\/2026\/04\/HistoricalSailship-800-300x225.jpg 300w, https:\/\/www.mundusmaris.org\/wp-content\/uploads\/2026\/04\/HistoricalSailship-800-400x300.jpg 400w, https:\/\/www.mundusmaris.org\/wp-content\/uploads\/2026\/04\/HistoricalSailship-800-600x449.jpg 600w, https:\/\/www.mundusmaris.org\/wp-content\/uploads\/2026\/04\/HistoricalSailship-800-768x575.jpg 768w, https:\/\/www.mundusmaris.org\/wp-content\/uploads\/2026\/04\/HistoricalSailship-800.jpg 800w\" sizes=\"(max-width: 800px) 100vw, 800px\" \/><p id=\"caption-attachment-20242\" class=\"wp-caption-text\">Voilier historique<\/p><\/div>\n<p>Les conditions de vie \u00e0 bord des voiliers historiques n&rsquo;ont rien \u00e0 voir avec celles d&rsquo;un navire de recherche moderne ou d&rsquo;un immense porte-conteneurs sillonnant les oc\u00e9ans gr\u00e2ce \u00e0 de puissants moteurs et \u00e0 la navigation par satellite.<\/p>\n<div id=\"attachment_20244\" style=\"width: 810px\" class=\"wp-caption aligncenter\"><img decoding=\"async\" aria-describedby=\"caption-attachment-20244\" class=\"size-full wp-image-20244\" src=\"https:\/\/www.mundusmaris.org\/wp-content\/uploads\/2026\/04\/RV-AlkorGEOMAR_800.jpg\" alt=\"\" width=\"800\" height=\"601\" srcset=\"https:\/\/www.mundusmaris.org\/wp-content\/uploads\/2026\/04\/RV-AlkorGEOMAR_800-200x150.jpg 200w, https:\/\/www.mundusmaris.org\/wp-content\/uploads\/2026\/04\/RV-AlkorGEOMAR_800-300x225.jpg 300w, https:\/\/www.mundusmaris.org\/wp-content\/uploads\/2026\/04\/RV-AlkorGEOMAR_800-400x301.jpg 400w, https:\/\/www.mundusmaris.org\/wp-content\/uploads\/2026\/04\/RV-AlkorGEOMAR_800-600x451.jpg 600w, https:\/\/www.mundusmaris.org\/wp-content\/uploads\/2026\/04\/RV-AlkorGEOMAR_800-768x577.jpg 768w, https:\/\/www.mundusmaris.org\/wp-content\/uploads\/2026\/04\/RV-AlkorGEOMAR_800.jpg 800w\" sizes=\"(max-width: 800px) 100vw, 800px\" \/><p id=\"caption-attachment-20244\" class=\"wp-caption-text\">Le navire de recherche Alkor \u00e0 quai devant l\u2019Institut GEOMAR, \u00e0 Kiel<\/p><\/div>\n<\/div><div class=\"fusion-text fusion-text-4\"><p>L&rsquo;oc\u00e9an a toujours stimul\u00e9 l&rsquo;imagination et suscit\u00e9 toute une palette d&rsquo;\u00e9motions, allant de la peur et de la crainte \u00e0 la fascination et \u00e0 la joie. Ses \u00e9tendues infinies continuent aujourd&rsquo;hui encore de nous \u00e9merveiller, malgr\u00e9 les moyens technologiques dont nous disposons. Nous avons pris conscience, bien trop tard, que ses ressources ne sont pas in\u00e9puisables, contrairement \u00e0 ce que l&rsquo;on croyait il y a moins d&rsquo;un si\u00e8cle. Aujourd&rsquo;hui, il est imp\u00e9ratif de redonner \u00e0 l&rsquo;oc\u00e9an sa sant\u00e9 et sa richesse.<\/p>\n<div id=\"attachment_20245\" style=\"width: 810px\" class=\"wp-caption aligncenter\"><img decoding=\"async\" aria-describedby=\"caption-attachment-20245\" class=\"size-full wp-image-20245\" src=\"https:\/\/www.mundusmaris.org\/wp-content\/uploads\/2026\/04\/MarcoAngeloDelMoro16Cent_TriumphOfNeptune_800.jpg\" alt=\"\" width=\"800\" height=\"600\" srcset=\"https:\/\/www.mundusmaris.org\/wp-content\/uploads\/2026\/04\/MarcoAngeloDelMoro16Cent_TriumphOfNeptune_800-200x150.jpg 200w, https:\/\/www.mundusmaris.org\/wp-content\/uploads\/2026\/04\/MarcoAngeloDelMoro16Cent_TriumphOfNeptune_800-300x225.jpg 300w, https:\/\/www.mundusmaris.org\/wp-content\/uploads\/2026\/04\/MarcoAngeloDelMoro16Cent_TriumphOfNeptune_800-400x300.jpg 400w, https:\/\/www.mundusmaris.org\/wp-content\/uploads\/2026\/04\/MarcoAngeloDelMoro16Cent_TriumphOfNeptune_800-600x450.jpg 600w, https:\/\/www.mundusmaris.org\/wp-content\/uploads\/2026\/04\/MarcoAngeloDelMoro16Cent_TriumphOfNeptune_800-768x576.jpg 768w, https:\/\/www.mundusmaris.org\/wp-content\/uploads\/2026\/04\/MarcoAngeloDelMoro16Cent_TriumphOfNeptune_800.jpg 800w\" sizes=\"(max-width: 800px) 100vw, 800px\" \/><p id=\"caption-attachment-20245\" class=\"wp-caption-text\">Le Triomphe de Neptune, Marco Angelo Del Moro, XVIe si\u00e8cle<\/p><\/div>\n<p>Les d\u00e9g\u00e2ts que nous avons d\u00e9j\u00e0 inflig\u00e9s \u00e0 l&rsquo;oc\u00e9an se refl\u00e8tent dans la quasi-extinction de nos cousins, les baleines. Cependant, depuis l&rsquo;entr\u00e9e en vigueur, en 1986, du moratoire de la Commission baleini\u00e8re internationale sur la chasse commerciale \u00e0 la baleine, plusieurs esp\u00e8ces montrent des signes timides de r\u00e9tablissement. Aujourd\u2019hui, les activit\u00e9s humaines font peser un risque d\u2019extinction sur de nombreuses esp\u00e8ces marines. Nous ne pouvons donc pas rester les bras crois\u00e9s, nous contenter de pleurer sur notre sort ou d\u00e9tourner le regard. Il ne s\u2019agit pas d\u2019une lutte entre les dieux pour le contr\u00f4le du royaume marin, comme on le croyait peut-\u00eatre dans l\u2019Antiquit\u00e9. La plupart des maux actuels d\u00e9coulent de notre incapacit\u00e9 \u00e0 assumer une gestion responsable \u00e0 la hauteur des moyens exceptionnels dont nous disposons. Nous devons \u00e9tudier, comprendre et aider l\u2019oc\u00e9an \u00e0 se r\u00e9g\u00e9n\u00e9rer.<\/p>\n<p>L\u2019exposition a \u00e9galement montr\u00e9 comment les arts peuvent favoriser une prise de conscience et une mobilisation accrues. Les artistes et scientifiques australo-am\u00e9ricaines Margaret et Christine Wertheim ont par exemple lanc\u00e9 en 2005 le projet d\u2019installation artistique \u00ab The Hyperbolic Crochet Coral Reef \u00bb afin d\u2019attirer l\u2019attention sur le blanchissement des coraux de la Grande Barri\u00e8re de Corail dans un oc\u00e9an en r\u00e9chauffement. Depuis de nombreuses ann\u00e9es, elles encouragent des citoyens du monde entier \u00e0 reproduire, sous forme de crochets, l\u2019incroyable diversit\u00e9 des organismes des r\u00e9cifs coralliens. Plus de 40 installations de grande taille sont le fruit de cette vaste collaboration.<\/p>\n<div id=\"attachment_20248\" style=\"width: 778px\" class=\"wp-caption aligncenter\"><img decoding=\"async\" aria-describedby=\"caption-attachment-20248\" class=\"size-large wp-image-20248\" src=\"https:\/\/www.mundusmaris.org\/wp-content\/uploads\/2026\/04\/CrochetReef_800-768x1024.jpg\" alt=\"\" width=\"768\" height=\"1024\" srcset=\"https:\/\/www.mundusmaris.org\/wp-content\/uploads\/2026\/04\/CrochetReef_800-200x267.jpg 200w, https:\/\/www.mundusmaris.org\/wp-content\/uploads\/2026\/04\/CrochetReef_800-225x300.jpg 225w, https:\/\/www.mundusmaris.org\/wp-content\/uploads\/2026\/04\/CrochetReef_800-400x534.jpg 400w, https:\/\/www.mundusmaris.org\/wp-content\/uploads\/2026\/04\/CrochetReef_800-600x800.jpg 600w, https:\/\/www.mundusmaris.org\/wp-content\/uploads\/2026\/04\/CrochetReef_800-768x1024.jpg 768w, https:\/\/www.mundusmaris.org\/wp-content\/uploads\/2026\/04\/CrochetReef_800-rotated.jpg 800w\" sizes=\"(max-width: 768px) 100vw, 768px\" \/><p id=\"caption-attachment-20248\" class=\"wp-caption-text\">Les r\u00e9cifs coralliens se d\u00e9veloppent gr\u00e2ce \u00e0 la collaboration de millions de polypes et d\u2019autres organismes ; cette repr\u00e9sentation au crochet du mus\u00e9e Frieder Burda, \u00e0 Baden-Baden est, elle aussi, le fruit d\u2019une coop\u00e9ration \u00e0 grande \u00e9chelle<\/p><\/div>\n<p>L&rsquo;exposition a ouvert ses portes le 2 octobre 2025 et s&rsquo;ach\u00e8vera le 6 avril 2026, avec pour conclure une s\u00e9rie d&rsquo;ateliers et de visites guid\u00e9es. Elle met en parall\u00e8le la premi\u00e8re descente dans la fosse des Mariannes effectu\u00e9e par Don Walsh et Jacques Piccard en 1960 avec le roman \u00ab Vingt mille lieues sous les mers \u00bb du po\u00e8te et \u00e9crivain de science-fiction fran\u00e7ais Jules Verne, publi\u00e9 pr\u00e8s d&rsquo;un si\u00e8cle plus t\u00f4t. Les visiteurs ont \u00e9t\u00e9 surpris d&rsquo;apprendre que le saumon de l&rsquo;Atlantique \u2013 un incontournable de la cuisine europ\u00e9enne \u2013 peut atteindre 150 cm \u00e0 l&rsquo;\u00e9tat sauvage. Notre App <a href=\"https:\/\/www.mundusmaris.org\/fr\/activites\/protection-de-locean-et-du-climat\/lors-du-symposium-fishbase-sealifebase-a-bruxelles-les-2-et-3-septembre-2025\/\" target=\"_blank\" rel=\"noopener\">FishBase Guide app<\/a>\u00a0est un excellent outil pour conna\u00eetre la taille maximale des poissons de votre r\u00e9gion, partout dans le monde, et pour conna\u00eetre la p\u00e9riode \u00e0 laquelle ils commencent \u00e0 se reproduire et\u2026 ainsi \u00eatre certain de ne pas manger de b\u00e9b\u00e9s.<\/p>\n<p>En r\u00e9sum\u00e9, l&rsquo;exposition proposait de nombreux points d&rsquo;entr\u00e9e pour \u00e9veiller la curiosit\u00e9 \u00e0 l&rsquo;\u00e9gard de l&rsquo;oc\u00e9an et encourager la participation. Pour tous ceux qui souhaitent en savoir plus sur l&rsquo;oc\u00e9an et son influence sur notre culture, ses r\u00e9cits et ses connaissances scientifiques, ce magazine richement illustr\u00e9 offre des informations contextuelles, des explications, des r\u00e9flexions et des \u00e9l\u00e9ments de fond. Il est toujours disponible. Source: Kunst- und Ausstellungshalle der Bundesrepublik Deutschland. Expedition Weltmeere. Magazin zur Ausstellung. 2025. Hirmer Verlag. 193 S. ISBN 9-783777-446820.<br \/>\nPour d\u00e9charger l\u2019App FishBase Guide:\u00a0<a href=\"https:\/\/play.google.com\/store\/apps\/details?id=se.fishbase.qquatics\" target=\"_blank\" rel=\"noopener\">cliquez ici<\/a>.<\/p>\n<p>Impressions et phtos de C.E. Nauen, mars 2026<\/p>\n<\/div><\/div><\/div><\/div><\/div>\n","protected":false},"excerpt":{"rendered":"","protected":false},"author":6,"featured_media":20262,"comment_status":"closed","ping_status":"closed","sticky":false,"template":"","format":"standard","meta":{"_acf_changed":false,"footnotes":""},"categories":[125],"tags":[],"class_list":["post-20252","post","type-post","status-publish","format-standard","has-post-thumbnail","hentry","category-expositions"],"acf":[],"_links":{"self":[{"href":"https:\/\/www.mundusmaris.org\/fr\/wp-json\/wp\/v2\/posts\/20252","targetHints":{"allow":["GET"]}}],"collection":[{"href":"https:\/\/www.mundusmaris.org\/fr\/wp-json\/wp\/v2\/posts"}],"about":[{"href":"https:\/\/www.mundusmaris.org\/fr\/wp-json\/wp\/v2\/types\/post"}],"author":[{"embeddable":true,"href":"https:\/\/www.mundusmaris.org\/fr\/wp-json\/wp\/v2\/users\/6"}],"replies":[{"embeddable":true,"href":"https:\/\/www.mundusmaris.org\/fr\/wp-json\/wp\/v2\/comments?post=20252"}],"version-history":[{"count":7,"href":"https:\/\/www.mundusmaris.org\/fr\/wp-json\/wp\/v2\/posts\/20252\/revisions"}],"predecessor-version":[{"id":20306,"href":"https:\/\/www.mundusmaris.org\/fr\/wp-json\/wp\/v2\/posts\/20252\/revisions\/20306"}],"wp:featuredmedia":[{"embeddable":true,"href":"https:\/\/www.mundusmaris.org\/fr\/wp-json\/wp\/v2\/media\/20262"}],"wp:attachment":[{"href":"https:\/\/www.mundusmaris.org\/fr\/wp-json\/wp\/v2\/media?parent=20252"}],"wp:term":[{"taxonomy":"category","embeddable":true,"href":"https:\/\/www.mundusmaris.org\/fr\/wp-json\/wp\/v2\/categories?post=20252"},{"taxonomy":"post_tag","embeddable":true,"href":"https:\/\/www.mundusmaris.org\/fr\/wp-json\/wp\/v2\/tags?post=20252"}],"curies":[{"name":"wp","href":"https:\/\/api.w.org\/{rel}","templated":true}]}}