{"id":5873,"date":"2024-07-05T13:45:16","date_gmt":"2024-07-05T13:45:16","guid":{"rendered":"http:\/\/www.mundusmaris.org\/sin-categorizar\/desde-buenos-aires-con-amor\/"},"modified":"2024-10-25T08:08:21","modified_gmt":"2024-10-25T08:08:21","slug":"desde-buenos-aires-con-amor","status":"publish","type":"post","link":"https:\/\/www.mundusmaris.org\/es\/dia-mundial-de-los-oceanos\/wod-2023-es\/desde-buenos-aires-con-amor\/","title":{"rendered":"Desde Buenos Aires con amor"},"content":{"rendered":"<div class=\"fusion-fullwidth fullwidth-box fusion-builder-row-1 fusion-flex-container has-pattern-background has-mask-background nonhundred-percent-fullwidth non-hundred-percent-height-scrolling\" style=\"--awb-border-radius-top-left:0px;--awb-border-radius-top-right:0px;--awb-border-radius-bottom-right:0px;--awb-border-radius-bottom-left:0px;--awb-flex-wrap:wrap;\" ><div class=\"fusion-builder-row fusion-row fusion-flex-align-items-flex-start fusion-flex-content-wrap\" style=\"max-width:1248px;margin-left: calc(-4% \/ 2 );margin-right: calc(-4% \/ 2 );\"><div class=\"fusion-layout-column fusion_builder_column fusion-builder-column-0 fusion_builder_column_1_2 1_2 fusion-flex-column\" style=\"--awb-bg-size:cover;--awb-width-large:50%;--awb-margin-top-large:0px;--awb-spacing-right-large:3.84%;--awb-margin-bottom-large:20px;--awb-spacing-left-large:3.84%;--awb-width-medium:50%;--awb-order-medium:0;--awb-spacing-right-medium:3.84%;--awb-spacing-left-medium:3.84%;--awb-width-small:100%;--awb-order-small:0;--awb-spacing-right-small:1.92%;--awb-spacing-left-small:1.92%;\"><div class=\"fusion-column-wrapper fusion-column-has-shadow fusion-flex-justify-content-flex-start fusion-content-layout-column\"><div class=\"fusion-text fusion-text-1\"><p>La Celebraci\u00f3n del D\u00eda Mundial del Oc\u00e9ano 2023 en la Universidad de Belgrano, organizada conjuntamente el 6 de junio de 2023 por la Universidad, Mundus maris y Terra Curanda, fue un h\u00edbrido entre presencial y virtual. Presentadores y participantes de \u00c1frica, Europa y Am\u00e9rica Latina intervinieron en la planificaci\u00f3n e implementaci\u00f3n; era una buena cooperaci\u00f3n en un momento en que las confrontaciones internacionales parecen estar en aumento.<\/p>\n<\/div><\/div><\/div><div class=\"fusion-layout-column fusion_builder_column fusion-builder-column-1 fusion_builder_column_1_2 1_2 fusion-flex-column\" style=\"--awb-bg-size:cover;--awb-width-large:50%;--awb-margin-top-large:0px;--awb-spacing-right-large:3.84%;--awb-margin-bottom-large:20px;--awb-spacing-left-large:3.84%;--awb-width-medium:50%;--awb-order-medium:0;--awb-spacing-right-medium:3.84%;--awb-spacing-left-medium:3.84%;--awb-width-small:100%;--awb-order-small:0;--awb-spacing-right-small:1.92%;--awb-spacing-left-small:1.92%;\"><div class=\"fusion-column-wrapper fusion-column-has-shadow fusion-flex-justify-content-flex-start fusion-content-layout-column\"><div class=\"fusion-image-element awb-imageframe-style awb-imageframe-style-below awb-imageframe-style-1\" style=\"text-align:center;--awb-margin-bottom:40px;--awb-caption-margin-top:10px;--awb-caption-title-font-family:var(--body_typography-font-family);--awb-caption-title-font-weight:var(--body_typography-font-weight);--awb-caption-title-font-style:var(--body_typography-font-style);--awb-caption-title-size:14px;--awb-caption-title-transform:var(--body_typography-text-transform);--awb-caption-title-line-height:1.5em;--awb-caption-title-letter-spacing:0.5px;\"><span class=\" fusion-imageframe imageframe-none imageframe-1 hover-type-none\"><img decoding=\"async\" width=\"500\" height=\"409\" src=\"https:\/\/www.mundusmaris.org\/wp-content\/uploads\/2024\/01\/EduardoDiez-StellaWilliams-MarceloMorales_fromRight.jpg\" alt class=\"img-responsive wp-image-2361\" srcset=\"https:\/\/www.mundusmaris.org\/wp-content\/uploads\/2024\/01\/EduardoDiez-StellaWilliams-MarceloMorales_fromRight-200x164.jpg 200w, https:\/\/www.mundusmaris.org\/wp-content\/uploads\/2024\/01\/EduardoDiez-StellaWilliams-MarceloMorales_fromRight-400x327.jpg 400w, https:\/\/www.mundusmaris.org\/wp-content\/uploads\/2024\/01\/EduardoDiez-StellaWilliams-MarceloMorales_fromRight.jpg 500w\" sizes=\"(max-width: 640px) 100vw, 500px\" \/><\/span><div class=\"awb-imageframe-caption-container\"><div class=\"awb-imageframe-caption\"><div class=\"awb-imageframe-caption-title\">De izquierda a derecha: Carla Bonelli, Lilian Ferr\u00e9, Marcelo Morales Yokobori, Stella Williams y Eduardo Diez (Foto cortes\u00eda de M. Morales Yokobori).o Diez (Photo courtesy M. Morales Yokobori).<\/div><\/div><\/div><\/div><\/div><\/div><div class=\"fusion-layout-column fusion_builder_column fusion-builder-column-2 fusion_builder_column_1_1 1_1 fusion-flex-column\" style=\"--awb-bg-size:cover;--awb-width-large:100%;--awb-margin-top-large:0px;--awb-spacing-right-large:1.92%;--awb-margin-bottom-large:20px;--awb-spacing-left-large:1.92%;--awb-width-medium:100%;--awb-order-medium:0;--awb-spacing-right-medium:1.92%;--awb-spacing-left-medium:1.92%;--awb-width-small:100%;--awb-order-small:0;--awb-spacing-right-small:1.92%;--awb-spacing-left-small:1.92%;\"><div class=\"fusion-column-wrapper fusion-column-has-shadow fusion-flex-justify-content-flex-start fusion-content-layout-column\"><div class=\"fusion-text fusion-text-2\"><p>En el D\u00eda Mundial del Oc\u00e9ans 2023 contamos con la visita especial de la Dra. Stella Williams, Vicepresidenta de Mundus maris, prestigiosa acad\u00e9mica de Nigeria y primera panelista, quien fue c\u00e1lidamente recibida por la directora del Departamento Internacional de la Universidad de Belgrano, Mag . Eduardo Diez, junto a la Dra. Lilian Ferr\u00e9, directora de la carrera de Biolog\u00eda quien posteriormente inaugur\u00f3 el taller.<\/p>\n<p>El primer panelista fue el Lic. Juan Jones, Alcalde del Parque Interjurisdiccional Marino Makenke, Provincia de Santa Cruz, Argentina. Explic\u00f3 la din\u00e1mica de un \u00e1rea marina protegida como la que \u00e9l administra y todos los desaf\u00edos que implica. Le sigui\u00f3 la Dra. Patricia Morales, Universidad de Lovaina, B\u00e9lgica, y tambi\u00e9n Vicepresidenta de Mundus maris. Patricia habl\u00f3 sobre las interconexiones entre los 17 Objetivos de Desarrollo Sostenible (ODS) desde la perspectiva de los derechos humanos, el oc\u00e9ano y las pinturas de artistas famosos que expresan las condiciones humanas fundamentales y la relaci\u00f3n con la naturaleza.<\/p>\n<\/div><div class=\"fusion-text fusion-text-3\"><p>La Dra. Paola Laurini, docente de la materia Econom\u00eda de los Recursos Naturales en la Universidad de Belgrano, de la Direcci\u00f3n General de Asuntos Jur\u00eddicos del Ministerio de Turismo y \u00c1reas Protegidas, Provincia de Chubut, Argentina, fue la \u00faltima oradora. Le dio a la audiencia una visi\u00f3n realista de los problemas pr\u00e1cticos que se enfrentan en un \u00e1rea marina protegida, incluido el conflicto de intereses.<\/p>\n<p>La moderaci\u00f3n del evento estuvo a cargo del Dr. Marcelo L. Morales Yokobori, profesor de Recursos Marinos de la Universidad de Belgrano y tambi\u00e9n Vicepresidente de Mundus maris. Tambi\u00e9n public\u00f3 un art\u00edculo de opini\u00f3n en el diario argentino Perfil exponiendo antecedentes.<\/p>\n<p>Las diversas perspectivas de los panelistas mantuvieron la atenci\u00f3n de la audiencia en la sala y online. Para amenizar el programa se present\u00f3 el &#8216;Libro del Mundo Marino&#8217; reci\u00e9n salido de imprenta. El libro contiene una selecci\u00f3n de contribuciones a los premios Mundus maris 2014-2020 que abordan los respectivos lemas de la ONU. Una rifa entre los participantes en el lugar result\u00f3 en cinco felices ganadores del libro.<\/p>\n<\/div><div class=\"fusion-image-element awb-imageframe-style awb-imageframe-style-below awb-imageframe-style-2\" style=\"text-align:center;--awb-margin-bottom:40px;--awb-caption-margin-top:10px;--awb-caption-title-font-family:var(--body_typography-font-family);--awb-caption-title-font-weight:var(--body_typography-font-weight);--awb-caption-title-font-style:var(--body_typography-font-style);--awb-caption-title-size:14px;--awb-caption-title-transform:var(--body_typography-text-transform);--awb-caption-title-line-height:1.5em;--awb-caption-title-letter-spacing:0.5px;\"><span class=\" fusion-imageframe imageframe-none imageframe-2 hover-type-none\"><img decoding=\"async\" width=\"499\" height=\"363\" src=\"https:\/\/www.mundusmaris.org\/wp-content\/uploads\/2024\/01\/RaffleWinners.jpg\" alt class=\"img-responsive wp-image-2366\" srcset=\"https:\/\/www.mundusmaris.org\/wp-content\/uploads\/2024\/01\/RaffleWinners-200x145.jpg 200w, https:\/\/www.mundusmaris.org\/wp-content\/uploads\/2024\/01\/RaffleWinners-400x291.jpg 400w, https:\/\/www.mundusmaris.org\/wp-content\/uploads\/2024\/01\/RaffleWinners.jpg 499w\" sizes=\"(max-width: 640px) 100vw, 499px\" \/><\/span><div class=\"awb-imageframe-caption-container\"><div class=\"awb-imageframe-caption\"><div class=\"awb-imageframe-caption-title\">Afortunados ganadores del sorteo junto a Stella Williams y Marcelo Morales Yokobori (Foto cortes\u00eda de M. Morales Yokobori)<\/div><\/div><\/div><\/div><div class=\"fusion-text fusion-text-4\"><p>Pero no ser\u00eda un D\u00eda Mundial del Oc\u00e9ano sin el cuestionario. 108 de los 138 participantes latinoamericanos registrados pusieron a prueba sus conocimientos sobre acuerdos internacionales relacionados con asuntos oce\u00e1nicos y pesqueros. Asimismo, cinco personas interesadas de Nigeria respondieron la versi\u00f3n en ingl\u00e9s del cuestionario. Fue bueno ver que la mayor\u00eda acert\u00f3 todas o casi todas las respuestas. El alto n\u00famero de participantes con respuestas incorrectas espec\u00edficamente sobre la Organizaci\u00f3n Mundial del Comercio (OMC) es una invitaci\u00f3n a seguir trabajando para que los conceptos b\u00e1sicos est\u00e9n claros.<\/p>\n<p>Los nocivos subsidios a la pesca son el principal impulsor de la sobrepesca industrial y muchas pr\u00e1cticas il\u00edcitas en el mar, que son dif\u00edciles de monitorear y controlar. Durante m\u00e1s de 20 a\u00f1os, la OMC tuvo el mandato para eliminarlos. Solo en 2022 comenz\u00f3 a encontrar soluciones a esta pr\u00e1ctica extremadamente da\u00f1ina, despu\u00e9s de varios a\u00f1os de una gran campa\u00f1a de la sociedad civil a la que tambi\u00e9n contribuy\u00f3 Mundus maris.<\/p>\n<p>Los organizadores agradecen a Carla Bonelli, quien tradujo la charla de Stella Williams al espa\u00f1ol simult\u00e1neamente, y a Bianca Franzolini, que estuvo a cargo de la coordinaci\u00f3n de la plataforma Google Meet para el evento h\u00edbrido.<\/p>\n<p>Por \u00faltimo, pero no menos importante, se reconoci\u00f3 una selecci\u00f3n de las fotograf\u00edas enviadas a un concurso online. V\u00e9alos a continuaci\u00f3n.<\/p>\n<p>Al d\u00eda siguiente, 7 de junio, estudiantes de 5\u00b0 a\u00f1o de biolog\u00eda matriculados en la asignatura Recursos Marinos realizaron un taller participativo sobre el tema WOD del a\u00f1o, a modo de intercambio virtual con estudiantes de la Universidad Obafemi Awolowo de Nigeria. Grabaron saludos en tres idiomas entre ellos, en espa\u00f1ol, ingl\u00e9s y yoruba.<\/p>\n<\/div><div class=\"fusion-image-element awb-imageframe-style awb-imageframe-style-below awb-imageframe-style-3\" style=\"text-align:center;--awb-margin-bottom:40px;--awb-caption-margin-top:10px;--awb-caption-title-font-family:var(--body_typography-font-family);--awb-caption-title-font-weight:var(--body_typography-font-weight);--awb-caption-title-font-style:var(--body_typography-font-style);--awb-caption-title-size:14px;--awb-caption-title-transform:var(--body_typography-text-transform);--awb-caption-title-line-height:1.5em;--awb-caption-title-letter-spacing:0.5px;\"><span class=\" fusion-imageframe imageframe-none imageframe-3 hover-type-none\"><img decoding=\"async\" width=\"735\" height=\"426\" src=\"https:\/\/www.mundusmaris.org\/wp-content\/uploads\/2024\/01\/RecursosStudentsWithStella.jpg\" alt class=\"img-responsive wp-image-2371\" srcset=\"https:\/\/www.mundusmaris.org\/wp-content\/uploads\/2024\/01\/RecursosStudentsWithStella-200x116.jpg 200w, https:\/\/www.mundusmaris.org\/wp-content\/uploads\/2024\/01\/RecursosStudentsWithStella-400x232.jpg 400w, https:\/\/www.mundusmaris.org\/wp-content\/uploads\/2024\/01\/RecursosStudentsWithStella-600x348.jpg 600w, https:\/\/www.mundusmaris.org\/wp-content\/uploads\/2024\/01\/RecursosStudentsWithStella.jpg 735w\" sizes=\"(max-width: 640px) 100vw, 735px\" \/><\/span><div class=\"awb-imageframe-caption-container\"><div class=\"awb-imageframe-caption\"><div class=\"awb-imageframe-caption-title\">Alumnos de la carrera de Biolog\u00eda, despu\u00e9s de un magn\u00edfico intercambio con la Dra. Stella Williams.<\/div><\/div><\/div><\/div><div class=\"fusion-text fusion-text-5\"><p>El jurado del concurso de fotograf\u00eda estuvo integrado por Patricia Morales, Stella Williams y Marcelo L. Morales Yokobori. El jurado otorg\u00f3 los siguientes premios:<\/p>\n<p>Hay tres premios relacionados con diferentes aspectos de la fotograf\u00eda. Como los cet\u00e1ceos pueden alcanzar grandes profundidades, el Whale Award reconoce la profundidad de la imagen. Algunas aves marinas pueden volar distancias extremadamente largas, record\u00e1ndonos lo importante que es la comunicaci\u00f3n entre diferentes culturas, por lo que los Premios Albatros reconocen el mensaje de la imagen. Las especies de cidarios pueden brindarnos una sinfon\u00eda de colores y belleza; por ello, los Premios Coral reconocen la est\u00e9tica de las im\u00e1genes.<\/p>\n<p>Premio Ballena (a la profundidad)<\/p>\n<\/div><div class=\"fusion-image-element awb-imageframe-style awb-imageframe-style-below awb-imageframe-style-4\" style=\"text-align:center;--awb-margin-bottom:30px;--awb-caption-margin-top:10px;--awb-caption-title-font-family:var(--body_typography-font-family);--awb-caption-title-font-weight:var(--body_typography-font-weight);--awb-caption-title-font-style:var(--body_typography-font-style);--awb-caption-title-size:14px;--awb-caption-title-transform:var(--body_typography-text-transform);--awb-caption-title-line-height:1.5em;--awb-caption-title-letter-spacing:0.5px;\"><span class=\" fusion-imageframe imageframe-none imageframe-4 hover-type-none\"><img decoding=\"async\" width=\"735\" height=\"445\" src=\"https:\/\/www.mundusmaris.org\/wp-content\/uploads\/2024\/01\/Paisaje_cultural_en_la_Patagonia_Austral_web.jpg\" alt class=\"img-responsive wp-image-2376\" srcset=\"https:\/\/www.mundusmaris.org\/wp-content\/uploads\/2024\/01\/Paisaje_cultural_en_la_Patagonia_Austral_web-200x121.jpg 200w, https:\/\/www.mundusmaris.org\/wp-content\/uploads\/2024\/01\/Paisaje_cultural_en_la_Patagonia_Austral_web-400x242.jpg 400w, https:\/\/www.mundusmaris.org\/wp-content\/uploads\/2024\/01\/Paisaje_cultural_en_la_Patagonia_Austral_web-600x363.jpg 600w, https:\/\/www.mundusmaris.org\/wp-content\/uploads\/2024\/01\/Paisaje_cultural_en_la_Patagonia_Austral_web.jpg 735w\" sizes=\"(max-width: 640px) 100vw, 735px\" \/><\/span><div class=\"awb-imageframe-caption-container\"><div class=\"awb-imageframe-caption\"><div class=\"awb-imageframe-caption-title\">Paisaje cultural en la Patagonia Austral, Argentina, por John Jones<\/div><\/div><\/div><\/div><div class=\"fusion-text fusion-text-6\"><p>Premio Albatros (al mensaje)<\/p>\n<\/div><div class=\"fusion-image-element awb-imageframe-style awb-imageframe-style-below awb-imageframe-style-5\" style=\"text-align:center;--awb-margin-bottom:30px;--awb-caption-margin-top:10px;--awb-caption-title-font-family:var(--body_typography-font-family);--awb-caption-title-font-weight:var(--body_typography-font-weight);--awb-caption-title-font-style:var(--body_typography-font-style);--awb-caption-title-size:14px;--awb-caption-title-transform:var(--body_typography-text-transform);--awb-caption-title-line-height:1.5em;--awb-caption-title-letter-spacing:0.5px;\"><span class=\" fusion-imageframe imageframe-none imageframe-5 hover-type-none\"><img decoding=\"async\" width=\"734\" height=\"355\" src=\"https:\/\/www.mundusmaris.org\/wp-content\/uploads\/2024\/01\/MiradaALaCostaDeLaLibertadCapturaDesdeUnRinconDeBallenita_web.jpg\" alt class=\"img-responsive wp-image-2381\" srcset=\"https:\/\/www.mundusmaris.org\/wp-content\/uploads\/2024\/01\/MiradaALaCostaDeLaLibertadCapturaDesdeUnRinconDeBallenita_web-200x97.jpg 200w, https:\/\/www.mundusmaris.org\/wp-content\/uploads\/2024\/01\/MiradaALaCostaDeLaLibertadCapturaDesdeUnRinconDeBallenita_web-400x193.jpg 400w, https:\/\/www.mundusmaris.org\/wp-content\/uploads\/2024\/01\/MiradaALaCostaDeLaLibertadCapturaDesdeUnRinconDeBallenita_web-600x290.jpg 600w, https:\/\/www.mundusmaris.org\/wp-content\/uploads\/2024\/01\/MiradaALaCostaDeLaLibertadCapturaDesdeUnRinconDeBallenita_web.jpg 734w\" sizes=\"(max-width: 640px) 100vw, 734px\" \/><\/span><div class=\"awb-imageframe-caption-container\"><div class=\"awb-imageframe-caption\"><div class=\"awb-imageframe-caption-title\">Una mirada a la Costa de la Libertad tomada desde un rinc\u00f3n de Ballenita, Ecuador, por Evelio Reyes Tipan<\/div><\/div><\/div><\/div><\/div><\/div><div class=\"fusion-layout-column fusion_builder_column fusion-builder-column-3 fusion_builder_column_1_2 1_2 fusion-flex-column\" style=\"--awb-bg-size:cover;--awb-width-large:50%;--awb-margin-top-large:0px;--awb-spacing-right-large:3.84%;--awb-margin-bottom-large:20px;--awb-spacing-left-large:3.84%;--awb-width-medium:50%;--awb-order-medium:0;--awb-spacing-right-medium:3.84%;--awb-spacing-left-medium:3.84%;--awb-width-small:100%;--awb-order-small:0;--awb-spacing-right-small:1.92%;--awb-spacing-left-small:1.92%;\"><div class=\"fusion-column-wrapper fusion-column-has-shadow fusion-flex-justify-content-flex-start fusion-content-layout-column\"><div class=\"fusion-text fusion-text-7\"><p>Premio Albatros<\/p>\n<\/div><div class=\"fusion-image-element awb-imageframe-style awb-imageframe-style-below awb-imageframe-style-6\" style=\"text-align:center;--awb-margin-bottom:30px;--awb-caption-margin-top:10px;--awb-caption-title-font-family:var(--body_typography-font-family);--awb-caption-title-font-weight:var(--body_typography-font-weight);--awb-caption-title-font-style:var(--body_typography-font-style);--awb-caption-title-size:14px;--awb-caption-title-transform:var(--body_typography-text-transform);--awb-caption-title-line-height:1.5em;--awb-caption-title-letter-spacing:0.5px;\"><span class=\" fusion-imageframe imageframe-none imageframe-6 hover-type-none\"><img decoding=\"async\" width=\"363\" height=\"272\" src=\"https:\/\/www.mundusmaris.org\/wp-content\/uploads\/2024\/01\/UNA_DE_ESTAS_COSAS_NO_ES_COMO_LAS_OTRAS_web.jpg\" alt class=\"img-responsive wp-image-2386\" srcset=\"https:\/\/www.mundusmaris.org\/wp-content\/uploads\/2024\/01\/UNA_DE_ESTAS_COSAS_NO_ES_COMO_LAS_OTRAS_web-200x150.jpg 200w, https:\/\/www.mundusmaris.org\/wp-content\/uploads\/2024\/01\/UNA_DE_ESTAS_COSAS_NO_ES_COMO_LAS_OTRAS_web.jpg 363w\" sizes=\"(max-width: 640px) 100vw, 363px\" \/><\/span><div class=\"awb-imageframe-caption-container\"><div class=\"awb-imageframe-caption\"><div class=\"awb-imageframe-caption-title\">Una de estas cosas no es como las dem\u00e1s, Cartagena de Indias, Colombia, de Isabel Clara Acosta Coley<\/div><\/div><\/div><\/div><\/div><\/div><div class=\"fusion-layout-column fusion_builder_column fusion-builder-column-4 fusion_builder_column_1_2 1_2 fusion-flex-column\" style=\"--awb-bg-size:cover;--awb-width-large:50%;--awb-margin-top-large:0px;--awb-spacing-right-large:3.84%;--awb-margin-bottom-large:20px;--awb-spacing-left-large:3.84%;--awb-width-medium:50%;--awb-order-medium:0;--awb-spacing-right-medium:3.84%;--awb-spacing-left-medium:3.84%;--awb-width-small:100%;--awb-order-small:0;--awb-spacing-right-small:1.92%;--awb-spacing-left-small:1.92%;\"><div class=\"fusion-column-wrapper fusion-column-has-shadow fusion-flex-justify-content-flex-start fusion-content-layout-column\"><div class=\"fusion-text fusion-text-8\"><p>Premio Coral<\/p>\n<\/div><div class=\"fusion-image-element awb-imageframe-style awb-imageframe-style-below awb-imageframe-style-7\" style=\"text-align:center;--awb-margin-bottom:30px;--awb-caption-margin-top:10px;--awb-caption-title-font-family:var(--body_typography-font-family);--awb-caption-title-font-weight:var(--body_typography-font-weight);--awb-caption-title-font-style:var(--body_typography-font-style);--awb-caption-title-size:14px;--awb-caption-title-transform:var(--body_typography-text-transform);--awb-caption-title-line-height:1.5em;--awb-caption-title-letter-spacing:0.5px;\"><span class=\" fusion-imageframe imageframe-none imageframe-7 hover-type-none\"><img decoding=\"async\" width=\"363\" height=\"273\" src=\"https:\/\/www.mundusmaris.org\/wp-content\/uploads\/2024\/01\/Fauna_Intermareal_web.jpg\" alt class=\"img-responsive wp-image-2391\" srcset=\"https:\/\/www.mundusmaris.org\/wp-content\/uploads\/2024\/01\/Fauna_Intermareal_web-200x150.jpg 200w, https:\/\/www.mundusmaris.org\/wp-content\/uploads\/2024\/01\/Fauna_Intermareal_web.jpg 363w\" sizes=\"(max-width: 640px) 100vw, 363px\" \/><\/span><div class=\"awb-imageframe-caption-container\"><div class=\"awb-imageframe-caption\"><div class=\"awb-imageframe-caption-title\">Zona entre mareas, por Anthony Oswaldo Plua Mercham<\/div><\/div><\/div><\/div><\/div><\/div><div class=\"fusion-layout-column fusion_builder_column fusion-builder-column-5 fusion_builder_column_1_3 1_3 fusion-flex-column\" style=\"--awb-bg-size:cover;--awb-width-large:33.333333333333%;--awb-margin-top-large:0px;--awb-spacing-right-large:5.76%;--awb-margin-bottom-large:20px;--awb-spacing-left-large:5.76%;--awb-width-medium:33.333333333333%;--awb-order-medium:0;--awb-spacing-right-medium:5.76%;--awb-spacing-left-medium:5.76%;--awb-width-small:100%;--awb-order-small:0;--awb-spacing-right-small:1.92%;--awb-spacing-left-small:1.92%;\"><div class=\"fusion-column-wrapper fusion-column-has-shadow fusion-flex-justify-content-flex-start fusion-content-layout-column\"><div class=\"fusion-text fusion-text-9\"><p>Here is another Coral Award (to visuality)<\/p>\n<p>Sun, Beach, and Peace in my Community, Playa Muerto, Darien Province, Panama<\/p>\n<p>by Milagros Aldirelys Gonz\u00e1lez Samudio<\/p>\n<h4><strong>Happy World Ocean Day to all!<\/strong><\/h4>\n<p>A more detailed report about the various activities, including comments by students, is available\u00a0<a href=\"https:\/\/www.mundusmaris.org\/wp-content\/uploads\/2024\/07\/WorldOceanDayLatinAmerica-Report_fin.pdf\" target=\"_blank\" rel=\"noopener\">here<\/a>.<\/p>\n<\/div><\/div><\/div><div class=\"fusion-layout-column fusion_builder_column fusion-builder-column-6 fusion_builder_column_2_3 2_3 fusion-flex-column\" style=\"--awb-bg-size:cover;--awb-width-large:66.666666666667%;--awb-margin-top-large:0px;--awb-spacing-right-large:2.88%;--awb-margin-bottom-large:20px;--awb-spacing-left-large:2.88%;--awb-width-medium:66.666666666667%;--awb-order-medium:0;--awb-spacing-right-medium:2.88%;--awb-spacing-left-medium:2.88%;--awb-width-small:100%;--awb-order-small:0;--awb-spacing-right-small:1.92%;--awb-spacing-left-small:1.92%;\"><div class=\"fusion-column-wrapper fusion-column-has-shadow fusion-flex-justify-content-flex-start fusion-content-layout-column\"><div class=\"fusion-image-element \" style=\"text-align:center;--awb-margin-bottom:30px;--awb-caption-title-font-family:var(--h2_typography-font-family);--awb-caption-title-font-weight:var(--h2_typography-font-weight);--awb-caption-title-font-style:var(--h2_typography-font-style);--awb-caption-title-size:var(--h2_typography-font-size);--awb-caption-title-transform:var(--h2_typography-text-transform);--awb-caption-title-line-height:var(--h2_typography-line-height);--awb-caption-title-letter-spacing:var(--h2_typography-letter-spacing);\"><span class=\" fusion-imageframe imageframe-none imageframe-8 hover-type-none\"><img decoding=\"async\" width=\"1080\" height=\"1440\" src=\"http:\/\/www.mundusmaris.org\/wp-content\/uploads\/2024\/01\/Sol_Playa_y_Paz_en_mi_Comunidad-rotated.jpg\" alt class=\"img-responsive wp-image-2396\" srcset=\"https:\/\/www.mundusmaris.org\/wp-content\/uploads\/2024\/01\/Sol_Playa_y_Paz_en_mi_Comunidad-200x267.jpg 200w, https:\/\/www.mundusmaris.org\/wp-content\/uploads\/2024\/01\/Sol_Playa_y_Paz_en_mi_Comunidad-400x533.jpg 400w, https:\/\/www.mundusmaris.org\/wp-content\/uploads\/2024\/01\/Sol_Playa_y_Paz_en_mi_Comunidad-600x800.jpg 600w, https:\/\/www.mundusmaris.org\/wp-content\/uploads\/2024\/01\/Sol_Playa_y_Paz_en_mi_Comunidad-800x1067.jpg 800w, https:\/\/www.mundusmaris.org\/wp-content\/uploads\/2024\/01\/Sol_Playa_y_Paz_en_mi_Comunidad-rotated.jpg 1080w\" sizes=\"(max-width: 640px) 100vw, 800px\" \/><\/span><\/div><\/div><\/div><\/div><\/div>\n","protected":false},"excerpt":{"rendered":"","protected":false},"author":1,"featured_media":2415,"comment_status":"closed","ping_status":"closed","sticky":false,"template":"","format":"standard","meta":{"_acf_changed":false,"footnotes":""},"categories":[118],"tags":[],"class_list":["post-5873","post","type-post","status-publish","format-standard","has-post-thumbnail","hentry","category-wod-2023-es"],"acf":[],"_links":{"self":[{"href":"https:\/\/www.mundusmaris.org\/es\/wp-json\/wp\/v2\/posts\/5873","targetHints":{"allow":["GET"]}}],"collection":[{"href":"https:\/\/www.mundusmaris.org\/es\/wp-json\/wp\/v2\/posts"}],"about":[{"href":"https:\/\/www.mundusmaris.org\/es\/wp-json\/wp\/v2\/types\/post"}],"author":[{"embeddable":true,"href":"https:\/\/www.mundusmaris.org\/es\/wp-json\/wp\/v2\/users\/1"}],"replies":[{"embeddable":true,"href":"https:\/\/www.mundusmaris.org\/es\/wp-json\/wp\/v2\/comments?post=5873"}],"version-history":[{"count":7,"href":"https:\/\/www.mundusmaris.org\/es\/wp-json\/wp\/v2\/posts\/5873\/revisions"}],"predecessor-version":[{"id":11853,"href":"https:\/\/www.mundusmaris.org\/es\/wp-json\/wp\/v2\/posts\/5873\/revisions\/11853"}],"wp:featuredmedia":[{"embeddable":true,"href":"https:\/\/www.mundusmaris.org\/es\/wp-json\/wp\/v2\/media\/2415"}],"wp:attachment":[{"href":"https:\/\/www.mundusmaris.org\/es\/wp-json\/wp\/v2\/media?parent=5873"}],"wp:term":[{"taxonomy":"category","embeddable":true,"href":"https:\/\/www.mundusmaris.org\/es\/wp-json\/wp\/v2\/categories?post=5873"},{"taxonomy":"post_tag","embeddable":true,"href":"https:\/\/www.mundusmaris.org\/es\/wp-json\/wp\/v2\/tags?post=5873"}],"curies":[{"name":"wp","href":"https:\/\/api.w.org\/{rel}","templated":true}]}}