{"id":16377,"date":"2025-03-14T16:02:04","date_gmt":"2025-03-14T16:02:04","guid":{"rendered":"https:\/\/www.mundusmaris.org\/sin-categorizar\/the-4-blue-notebooks-les-4-cahiers-bleus-los-4-cuadernos-azules\/"},"modified":"2025-06-05T20:03:44","modified_gmt":"2025-06-05T20:03:44","slug":"the-4-blue-notebooks-les-4-cahiers-bleus-los-4-cuadernos-azules","status":"publish","type":"post","link":"https:\/\/www.mundusmaris.org\/es\/eventos\/the-4-blue-notebooks-les-4-cahiers-bleus-los-4-cuadernos-azules\/","title":{"rendered":"The 4 Blue Notebooks | Les 4 Cahiers Bleus | Los 4 Cuadernos Azules"},"content":{"rendered":"<div class=\"fusion-fullwidth fullwidth-box fusion-builder-row-1 fusion-flex-container has-pattern-background has-mask-background nonhundred-percent-fullwidth non-hundred-percent-height-scrolling\" style=\"--awb-border-radius-top-left:0px;--awb-border-radius-top-right:0px;--awb-border-radius-bottom-right:0px;--awb-border-radius-bottom-left:0px;--awb-flex-wrap:wrap;\" ><div class=\"fusion-builder-row fusion-row fusion-flex-align-items-flex-start fusion-flex-content-wrap\" style=\"max-width:1248px;margin-left: calc(-4% \/ 2 );margin-right: calc(-4% \/ 2 );\"><div class=\"fusion-layout-column fusion_builder_column fusion-builder-column-0 fusion_builder_column_1_1 1_1 fusion-flex-column\" style=\"--awb-bg-size:cover;--awb-width-large:100%;--awb-margin-top-large:0px;--awb-spacing-right-large:1.92%;--awb-margin-bottom-large:20px;--awb-spacing-left-large:1.92%;--awb-width-medium:100%;--awb-order-medium:0;--awb-spacing-right-medium:1.92%;--awb-spacing-left-medium:1.92%;--awb-width-small:100%;--awb-order-small:0;--awb-spacing-right-small:1.92%;--awb-spacing-left-small:1.92%;\"><div class=\"fusion-column-wrapper fusion-column-has-shadow fusion-flex-justify-content-flex-start fusion-content-layout-column\"><div class=\"fusion-text fusion-text-1\" style=\"--awb-content-alignment:left;\"><h3><strong><img decoding=\"async\" class=\"alignright size-full wp-image-16334\" src=\"https:\/\/www.mundusmaris.org\/wp-content\/uploads\/2025\/03\/ocean_conference_wheel500.jpg\" alt=\"\" width=\"500\" height=\"499\" srcset=\"https:\/\/www.mundusmaris.org\/wp-content\/uploads\/2025\/03\/ocean_conference_wheel500-66x66.jpg 66w, https:\/\/www.mundusmaris.org\/wp-content\/uploads\/2025\/03\/ocean_conference_wheel500-150x150.jpg 150w, https:\/\/www.mundusmaris.org\/wp-content\/uploads\/2025\/03\/ocean_conference_wheel500-200x200.jpg 200w, https:\/\/www.mundusmaris.org\/wp-content\/uploads\/2025\/03\/ocean_conference_wheel500-300x300.jpg 300w, https:\/\/www.mundusmaris.org\/wp-content\/uploads\/2025\/03\/ocean_conference_wheel500-400x399.jpg 400w, https:\/\/www.mundusmaris.org\/wp-content\/uploads\/2025\/03\/ocean_conference_wheel500.jpg 500w\" sizes=\"(max-width: 500px) 100vw, 500px\" \/>Conferencia de las Naciones Unidas sobre el Oc\u00e9ano (UNOC 3), Niza (Francia), del 9 al 13 de junio de 2025 (organizada conjuntamente por Francia y Costa Rica).<\/strong><\/h3>\n<p><span style=\"color: #0e72b8;\"><strong>Actualizaci\u00f3n: Nuestro evento paralelo ha sido aceptado. Participaci\u00f3n presencial en \u00abLa Baleine\u00bb en el Atol\u00f3n. Participaci\u00f3n en dos ocasiones:<\/strong><\/span><\/p>\n<ul>\n<li><span style=\"color: #0e72b8;\"><strong>Lunes, 9 de junio, de 17:30 a 18:45 <\/strong><\/span><\/li>\n<li><span style=\"color: #0e72b8;\"><strong>Martes, 10 de junio, de 16:15 a 18:45 <\/strong><\/span><\/li>\n<li><span style=\"color: #0e72b8;\"><strong>Participaci\u00f3n online disponible desde ya. Consulta el c\u00f3digo QR a continuaci\u00f3n.<\/strong><\/span><\/li>\n<\/ul>\n<p>Junto con varios socios, <em>Mundus maris<\/em> propone un evento paralelo en la Zona Verde, concretamente en un un espacio llamado &#8216;Atoll participatif&#8217; de &#8216;La Baleine&#8217;. Los coorganizadores son:<\/p>\n<p>Ministerio Federal de Medio Ambiente, Protecci\u00f3n de la Naturaleza, Seguridad Nuclear y Protecci\u00f3n del Consumidor de Alemania;<\/p>\n<p>Deutsche Allianz f\u00fcr Meeresforschung (Alianza Alemana para la Investigaci\u00f3n Marina);<\/p>\n<p>Fundaci\u00f3n Alemana del Oc\u00e9ano;<\/p>\n<p>la Asociaci\u00f3n Terra Curanda, B\u00e9lgica\/Argentina;<\/p>\n<p>Seas At Risk, B\u00e9lgica;<\/p>\n<p>Quantitative Aquatics, Inc., Filipinas.<\/p>\n<p>El Comit\u00e9 Nacional del Decenio de B\u00e9lgica ha brindado amablemente apoyo financiero.<\/p>\n<p><img decoding=\"async\" class=\"alignright size-full wp-image-16329\" src=\"https:\/\/www.mundusmaris.org\/wp-content\/uploads\/2025\/03\/UNAlogoOceano500.jpg\" alt=\"\" width=\"500\" height=\"203\" srcset=\"https:\/\/www.mundusmaris.org\/wp-content\/uploads\/2025\/03\/UNAlogoOceano500-200x81.jpg 200w, https:\/\/www.mundusmaris.org\/wp-content\/uploads\/2025\/03\/UNAlogoOceano500-300x122.jpg 300w, https:\/\/www.mundusmaris.org\/wp-content\/uploads\/2025\/03\/UNAlogoOceano500-400x162.jpg 400w, https:\/\/www.mundusmaris.org\/wp-content\/uploads\/2025\/03\/UNAlogoOceano500.jpg 500w\" sizes=\"(max-width: 500px) 100vw, 500px\" \/>La Universidad Nacional de Costa Rica es invitada especial.<\/p>\n<p>\ud83d\udccc\u00a0\u00bf<strong>C\u00f3mo participar en la actividad presencial?<\/strong><\/p>\n<p><strong>Formato<\/strong>: Un evento interactivo y flexible de dos d\u00edas (duraci\u00f3n variable), con cuatro cuadernos de papel y cuatro cuadernos de registro electr\u00f3nico colocados en dos mesas. Las portadas de los cuadernos mostrar\u00e1n detalles de las pinturas seleccionadas.<\/p>\n<p><strong>Interacci\u00f3n<\/strong>: Los participantes podr\u00e1n escribir directamente en los cuadernos de papel en los espacios designados. Adem\u00e1s, habr\u00e1 tarjetas tama\u00f1o A6 disponibles para que escriban o dibujen sus contribuciones, las cuales podr\u00e1n adjuntarse a los cuadernos. Asimismo, los cuadernos digitales est\u00e1n disponibles para registrar directamente opiniones, sugerencias y comentarios. Tambi\u00e9n se anima a los participantes a comprometerse en el sitio web de la Conferencia.<\/p>\n<p><strong>Organizaci\u00f3n<\/strong>: Miembros de la organizaci\u00f3n sin fines de lucro <em>Mundus maris<\/em>, con membres\u00eda internacional en Europa, \u00c1frica y Latinoam\u00e9rica, junto con socios y participantes, presentan cada tema y fomentan el di\u00e1logo. Se invita a los participantes a escribir, redactar, copiar textos, im\u00e1genes y comentarios en los cuadernos impresos o digitales. <em>Mundus maris<\/em> renueva sus dos compromisos adquiridos con la UNOC1.<\/p>\n<p><strong>Discusiones<\/strong>: Se realizar\u00e1n 4 charlas cortas, cada una con una introducci\u00f3n de 2 minutos y 3 minutos de interacci\u00f3n con el p\u00fablico, basadas en textos ya escritos en los cuadernos.<\/p>\n<\/div><div class=\"fusion-text fusion-text-2\"><p><strong>Accesibilidad<\/strong>: El evento se realizar\u00e1 en tres idiomas: ingl\u00e9s, franc\u00e9s (para Francia) y espa\u00f1ol (para Costa Rica). Tambi\u00e9n se aceptan dibujos como contribuci\u00f3n.<\/p>\n<p><strong>Montaje<\/strong>: Es recomendable contar con dos mesas y al menos cuatro sillas para los participantes.<\/p>\n<p><strong>Presentaci\u00f3n<\/strong>: Los cuadernos estar\u00e1n discretamente atados a una red de ideas, pensamientos y arte, simbolizando la interconexi\u00f3n de los problemas relacionados con el oc\u00e9ano.<\/p>\n<p><strong>C\u00f3digo de Conducta<\/strong>: Todos los textos y contribuciones deben adherirse a las directrices \u00e9ticas de la UNOC3, sus temas de acci\u00f3n y las normas internacionales de la ONU.<\/p>\n<p><strong>Clausura<\/strong>: Tras el evento, los cuadernos digitales se donar\u00e1n a la UNOC3, a la iniciativa Alfabetizaci\u00f3n Oce\u00e1nica de la UNESCO o a grupos locales que defienden el oc\u00e9ano como legado del evento.<\/p>\n<p><strong>Compartir<\/strong>: Una selecci\u00f3n de contribuciones estar\u00e1 disponible despu\u00e9s de la UNOC3 en los sitios web de <em>Mundus maris<\/em> y de sus socios. Las contribuciones especialmente interesantes se recopilar\u00e1n en un libro con un dise\u00f1o atractivo, similar al <a href=\"https:\/\/www.mundusmaris.org\/es\/book-of-the-marine-world\/\" target=\"_blank\" rel=\"noopener\">Libro del Mundo Marino<\/a>, elaborado con contribuciones de j\u00f3venes para el D\u00eda Mundial del Oc\u00e9ano.<\/p>\n<\/div><div class=\"fusion-text fusion-text-3\"><p><strong>Cuaderno 1: El oc\u00e9ano y su gente<\/strong><\/p>\n<p><img decoding=\"async\" class=\"alignright size-full wp-image-16356\" src=\"https:\/\/www.mundusmaris.org\/wp-content\/uploads\/2025\/03\/Joaquin_Sorolla_y_Bastida_-_Valencian_Fisherwomen_1903_22x16__22843.1605273213-705261104_500.jpg\" alt=\"\" width=\"500\" height=\"360\" srcset=\"https:\/\/www.mundusmaris.org\/wp-content\/uploads\/2025\/03\/Joaquin_Sorolla_y_Bastida_-_Valencian_Fisherwomen_1903_22x16__22843.1605273213-705261104_500-200x144.jpg 200w, https:\/\/www.mundusmaris.org\/wp-content\/uploads\/2025\/03\/Joaquin_Sorolla_y_Bastida_-_Valencian_Fisherwomen_1903_22x16__22843.1605273213-705261104_500-300x216.jpg 300w, https:\/\/www.mundusmaris.org\/wp-content\/uploads\/2025\/03\/Joaquin_Sorolla_y_Bastida_-_Valencian_Fisherwomen_1903_22x16__22843.1605273213-705261104_500-400x288.jpg 400w, https:\/\/www.mundusmaris.org\/wp-content\/uploads\/2025\/03\/Joaquin_Sorolla_y_Bastida_-_Valencian_Fisherwomen_1903_22x16__22843.1605273213-705261104_500.jpg 500w\" sizes=\"(max-width: 500px) 100vw, 500px\" \/>\ud83c\udfa8 <em>Pintura<\/em> o<em>riginal: Pescadoras valencianas<\/em> (Joaqu\u00edn Sorolla, 1903)<\/p>\n<p>\ud83d\udd0d <strong>Pregunta Central<\/strong>: \u00bfC\u00f3mo podemos reconocer al oc\u00e9ano como una parte esencial de toda la humanidad y garantizar su protecci\u00f3n?<\/p>\n<p>\ud83d\udcca <strong>Contexto<\/strong>: El oc\u00e9ano es el hogar de millones de especies, sustenta a las comunidades costeras y proporciona alimentos, ox\u00edgeno y regulaci\u00f3n del clima. Sin embargo, su salud a menudo se ve comprometida por decisiones a corto plazo. Las zonas costeras est\u00e1n bajo presi\u00f3n debido a la urbanizaci\u00f3n, el turismo y el cambio clim\u00e1tico. Las comunidades costeras, incluidos los pescadores en peque\u00f1a escala y los pueblos ind\u00edgenas, necesitan tener voz para que la administraci\u00f3n y los beneficios se compartan de manera justa utilizando tambi\u00e9n la ciencia y los conocimientos ecol\u00f3gicos locales.<\/p>\n<p>\ud83c\udf31 <strong>ODS relacionados<\/strong>: 3, 11, 13, 14, 15<\/p>\n<\/div><div class=\"fusion-text fusion-text-4\"><p><strong>Cuaderno 2: El oc\u00e9ano y su diversidad<\/strong><\/p>\n<p><img decoding=\"async\" class=\"alignright size-full wp-image-16350\" src=\"https:\/\/www.mundusmaris.org\/wp-content\/uploads\/2025\/03\/fishing-boats-on-the-beach-at-les-saintes-maries-de-la-mer-1888_500.jpg\" alt=\"\" width=\"500\" height=\"390\" srcset=\"https:\/\/www.mundusmaris.org\/wp-content\/uploads\/2025\/03\/fishing-boats-on-the-beach-at-les-saintes-maries-de-la-mer-1888_500-200x156.jpg 200w, https:\/\/www.mundusmaris.org\/wp-content\/uploads\/2025\/03\/fishing-boats-on-the-beach-at-les-saintes-maries-de-la-mer-1888_500-300x234.jpg 300w, https:\/\/www.mundusmaris.org\/wp-content\/uploads\/2025\/03\/fishing-boats-on-the-beach-at-les-saintes-maries-de-la-mer-1888_500-400x312.jpg 400w, https:\/\/www.mundusmaris.org\/wp-content\/uploads\/2025\/03\/fishing-boats-on-the-beach-at-les-saintes-maries-de-la-mer-1888_500.jpg 500w\" sizes=\"(max-width: 500px) 100vw, 500px\" \/>\ud83c\udfa8 <em>Pintura<\/em> <em>original: Barcos de pesca<\/em> (Vincent Van Gogh, 1888)<\/p>\n<p>\ud83d\udd0d <strong>Pregunta<\/strong> <strong>central<\/strong>: \u00bfC\u00f3mo podemos equilibrar la explotaci\u00f3n del oc\u00e9ano con la recuperaci\u00f3n y la conservaci\u00f3n?<\/p>\n<p>\ud83d\udcca <strong>Contexto<\/strong>: El oc\u00e9ano es un ecosistema vasto y en gran parte inexplorado, pero se enfrenta a amenazas como la sobrepesca, la destrucci\u00f3n del h\u00e1bitat, la contaminaci\u00f3n y la miner\u00eda en aguas profundas. La alta mar, que cubre el 64% del oc\u00e9ano, sigue sin<br \/>\nestar regulada. La recuperaci\u00f3n de la salud del oc\u00e9ano, la pesca responsable y la protecci\u00f3n marina son esenciales para mantener la<br \/>\nbiodiversidad y salvaguardar los servicios oce\u00e1nicos para todos. La investigaci\u00f3n ya ha generado ideas, por ejemplo, sobre los beneficios<br \/>\ndel enfoque por ecosistemas para la pesca. Pero es necesario compartirlo m\u00e1s ampliamente a trav\u00e9s de la alfabetizaci\u00f3n oce\u00e1nica y el respeto de los conocimientos ind\u00edgenas.<\/p>\n<p>\ud83c\udf31 <strong>ODS<\/strong> <strong>relacionados<\/strong>: 9, 10, 12, 14, 16<\/p>\n<\/div><div class=\"fusion-text fusion-text-5\"><p><strong>Cuaderno 3: El oc\u00e9ano y el cambio clim\u00e1tico<br \/>\n<\/strong><\/p>\n<p><img decoding=\"async\" class=\"alignright size-full wp-image-16361\" src=\"https:\/\/www.mundusmaris.org\/wp-content\/uploads\/2025\/03\/sunrise-the-sea.jpgLarge-3037603425_500.jpg\" alt=\"\" width=\"500\" height=\"403\" srcset=\"https:\/\/www.mundusmaris.org\/wp-content\/uploads\/2025\/03\/sunrise-the-sea.jpgLarge-3037603425_500-177x142.jpg 177w, https:\/\/www.mundusmaris.org\/wp-content\/uploads\/2025\/03\/sunrise-the-sea.jpgLarge-3037603425_500-200x161.jpg 200w, https:\/\/www.mundusmaris.org\/wp-content\/uploads\/2025\/03\/sunrise-the-sea.jpgLarge-3037603425_500-300x242.jpg 300w, https:\/\/www.mundusmaris.org\/wp-content\/uploads\/2025\/03\/sunrise-the-sea.jpgLarge-3037603425_500-400x322.jpg 400w, https:\/\/www.mundusmaris.org\/wp-content\/uploads\/2025\/03\/sunrise-the-sea.jpgLarge-3037603425_500.jpg 500w\" sizes=\"(max-width: 500px) 100vw, 500px\" \/>\ud83c\udfa8 <em>Pintura original:\u00a0Paisaje marino al amanecer<\/em> (Claude Monet, 1873)<\/p>\n<p>\ud83d\udd0d <strong>Pregunta central<\/strong>: \u00bfEl oc\u00e9ano nos salvar\u00e1 del cambio clim\u00e1tico<br \/>\no lo estamos destruyendo?<\/p>\n<p>\ud83d\udcca <strong>Contexto<\/strong>: El oc\u00e9ano es el principal regulador del clima del<br \/>\nplaneta, absorbiendo CO2 y calor. Sin embargo, el aumento del nivel del mar, la acidificaci\u00f3n del oc\u00e9ano y los fen\u00f3menos meteorol\u00f3gicos extremos amenazan tanto a las poblaciones humanas como a los ecosistemas marinos. La transici\u00f3n energ\u00e9tica y los esfuerzos de<br \/>\nconservaci\u00f3n deben alinearse con una mayor salud del oc\u00e9ano.<\/p>\n<p>\ud83c\udf31 <strong>ODS relacionados<\/strong>: 7, 13, 14<\/p>\n<\/div><div class=\"fusion-text fusion-text-6\"><p><strong>Cuaderno 4: El oc\u00e9ano como bien com\u00fan<br \/>\n<\/strong><\/p>\n<p><img decoding=\"async\" class=\"alignright size-full wp-image-16367\" src=\"https:\/\/www.mundusmaris.org\/wp-content\/uploads\/2025\/03\/th-3760281896Amighetti500.jpg\" alt=\"\" width=\"500\" height=\"371\" srcset=\"https:\/\/www.mundusmaris.org\/wp-content\/uploads\/2025\/03\/th-3760281896Amighetti500-200x148.jpg 200w, https:\/\/www.mundusmaris.org\/wp-content\/uploads\/2025\/03\/th-3760281896Amighetti500-300x223.jpg 300w, https:\/\/www.mundusmaris.org\/wp-content\/uploads\/2025\/03\/th-3760281896Amighetti500-400x297.jpg 400w, https:\/\/www.mundusmaris.org\/wp-content\/uploads\/2025\/03\/th-3760281896Amighetti500.jpg 500w\" sizes=\"(max-width: 500px) 100vw, 500px\" \/><\/p>\n<p>\ud83c\udfa8 <em>Pintura original: Playa<\/em> (Francisco Amichetti, 1986)<\/p>\n<p>\ud83d\udd0d <strong>Pregunta central<\/strong>: \u00bfC\u00f3mo podemos garantizar que el oc\u00e9ano siga siendo un recurso compartido para todos?<\/p>\n<p>\ud83d\udcca <strong>Contexto<\/strong>: El oc\u00e9ano es un bien com\u00fan mundial, pero cada vez m\u00e1s se explota para los intereses comerciales de unos pocos. M\u00e1s<br \/>\nall\u00e1 de su importancia econ\u00f3mica y ambiental, el oc\u00e9ano tambi\u00e9n tiene un valor cultural y espiritual intangible para la humanidad, como lo reconoce la UNESCO. La protecci\u00f3n del patrimonio marino, los conocimientos tradicionales y las expresiones culturales vinculadas al oc\u00e9ano son fundamentales para las generaciones futuras. La cultura mar\u00edtima, la gobernanza inclusiva, el uso juicioso de la ciencia y los marcos jur\u00eddicos, como el Tratado de Alta Mar<br \/>\ny el Marco Mundial para la Biodiversidad, son fundamentales para su futuro. Los principios globales deben estar conectados con la implementaci\u00f3n adaptada localmente. La tecnolog\u00eda puede favorecer o perjudicar la salud marina.<\/p>\n<p>\ud83c\udf31 <strong>ODS relacionados<\/strong>: 14, 16, 17<\/p>\n<\/div><div class=\"fusion-text fusion-text-7\"><p><img decoding=\"async\" class=\"alignright size-full wp-image-16901\" src=\"https:\/\/www.mundusmaris.org\/wp-content\/uploads\/2025\/03\/UNOC3-QR-FORMULARIO-CASTELLANO300.png\" alt=\"\" width=\"300\" height=\"300\" srcset=\"https:\/\/www.mundusmaris.org\/wp-content\/uploads\/2025\/03\/UNOC3-QR-FORMULARIO-CASTELLANO300-66x66.png 66w, https:\/\/www.mundusmaris.org\/wp-content\/uploads\/2025\/03\/UNOC3-QR-FORMULARIO-CASTELLANO300-150x150.png 150w, https:\/\/www.mundusmaris.org\/wp-content\/uploads\/2025\/03\/UNOC3-QR-FORMULARIO-CASTELLANO300-200x200.png 200w, https:\/\/www.mundusmaris.org\/wp-content\/uploads\/2025\/03\/UNOC3-QR-FORMULARIO-CASTELLANO300.png 300w\" sizes=\"(max-width: 300px) 100vw, 300px\" \/>Agradecemos enormemente tu respuesta a una o m\u00e1s preguntas. Puedes publicarla ahora haciendo clic en el c\u00f3digo QR o en el <a href=\"http:\/\/www.terracuranda.org\/7unoc3it\" target=\"_blank\" rel=\"noopener\">enlace aqu\u00ed<\/a>.<\/p>\n<p>Tu valiosa participaci\u00f3n contribuir\u00e1 a la creaci\u00f3n de un maravilloso libro electr\u00f3nico con comentarios, mensajes, dibujos e ideas que nos ayudar\u00e1 a promover la causa de un oc\u00e9ano sano y comunidades costeras pr\u00f3speras, guardianas del bien com\u00fan.<\/p>\n<p>\u00danete a la ola con tu sabidur\u00eda y experiencia; ayuda a proteger el oc\u00e9ano, a sus habitantes y a los seres humanos que dependen de \u00e9l para un futuro mejor.<\/p>\n<\/div><\/div><\/div><\/div><\/div>\n","protected":false},"excerpt":{"rendered":"","protected":false},"author":6,"featured_media":16338,"comment_status":"closed","ping_status":"closed","sticky":false,"template":"","format":"standard","meta":{"_acf_changed":false,"footnotes":""},"categories":[193,189,165,185,181,174,215],"tags":[],"class_list":["post-16377","post","type-post","status-publish","format-standard","has-post-thumbnail","hentry","category-alfabetizacion-oceanica-y-divulgacion","category-enfoque-ecosistemico-de-la-pesca","category-eventos","category-frenar-la-sobrepesca","category-oceano-saludable-vs-contaminacion","category-seguridad-climatica-y-oceanica","category-unoc-es"],"acf":[],"_links":{"self":[{"href":"https:\/\/www.mundusmaris.org\/es\/wp-json\/wp\/v2\/posts\/16377","targetHints":{"allow":["GET"]}}],"collection":[{"href":"https:\/\/www.mundusmaris.org\/es\/wp-json\/wp\/v2\/posts"}],"about":[{"href":"https:\/\/www.mundusmaris.org\/es\/wp-json\/wp\/v2\/types\/post"}],"author":[{"embeddable":true,"href":"https:\/\/www.mundusmaris.org\/es\/wp-json\/wp\/v2\/users\/6"}],"replies":[{"embeddable":true,"href":"https:\/\/www.mundusmaris.org\/es\/wp-json\/wp\/v2\/comments?post=16377"}],"version-history":[{"count":12,"href":"https:\/\/www.mundusmaris.org\/es\/wp-json\/wp\/v2\/posts\/16377\/revisions"}],"predecessor-version":[{"id":17038,"href":"https:\/\/www.mundusmaris.org\/es\/wp-json\/wp\/v2\/posts\/16377\/revisions\/17038"}],"wp:featuredmedia":[{"embeddable":true,"href":"https:\/\/www.mundusmaris.org\/es\/wp-json\/wp\/v2\/media\/16338"}],"wp:attachment":[{"href":"https:\/\/www.mundusmaris.org\/es\/wp-json\/wp\/v2\/media?parent=16377"}],"wp:term":[{"taxonomy":"category","embeddable":true,"href":"https:\/\/www.mundusmaris.org\/es\/wp-json\/wp\/v2\/categories?post=16377"},{"taxonomy":"post_tag","embeddable":true,"href":"https:\/\/www.mundusmaris.org\/es\/wp-json\/wp\/v2\/tags?post=16377"}],"curies":[{"name":"wp","href":"https:\/\/api.w.org\/{rel}","templated":true}]}}