{"id":18889,"date":"2025-10-16T21:07:01","date_gmt":"2025-10-16T21:07:01","guid":{"rendered":"https:\/\/www.mundusmaris.org\/?p=18889"},"modified":"2026-03-01T14:50:11","modified_gmt":"2026-03-01T14:50:11","slug":"filmvorfuehrung-und-diskussion-ocean-mit-david-attenborough","status":"publish","type":"post","link":"https:\/\/www.mundusmaris.org\/de\/aktivitaten\/stop-der-uberfischung\/filmvorfuehrung-und-diskussion-ocean-mit-david-attenborough\/","title":{"rendered":"Filmvorf\u00fchrung und Diskussion: OCEAN mit David Attenborough"},"content":{"rendered":"<div class=\"fusion-fullwidth fullwidth-box fusion-builder-row-1 fusion-flex-container has-pattern-background has-mask-background nonhundred-percent-fullwidth non-hundred-percent-height-scrolling\" style=\"--awb-border-radius-top-left:0px;--awb-border-radius-top-right:0px;--awb-border-radius-bottom-right:0px;--awb-border-radius-bottom-left:0px;--awb-flex-wrap:wrap;\" ><div class=\"fusion-builder-row fusion-row fusion-flex-align-items-flex-start fusion-flex-content-wrap\" style=\"max-width:1248px;margin-left: calc(-4% \/ 2 );margin-right: calc(-4% \/ 2 );\"><div class=\"fusion-layout-column fusion_builder_column fusion-builder-column-0 fusion_builder_column_1_1 1_1 fusion-flex-column\" style=\"--awb-bg-size:cover;--awb-width-large:100%;--awb-margin-top-large:0px;--awb-spacing-right-large:1.92%;--awb-margin-bottom-large:20px;--awb-spacing-left-large:1.92%;--awb-width-medium:100%;--awb-order-medium:0;--awb-spacing-right-medium:1.92%;--awb-spacing-left-medium:1.92%;--awb-width-small:100%;--awb-order-small:0;--awb-spacing-right-small:1.92%;--awb-spacing-left-small:1.92%;\"><div class=\"fusion-column-wrapper fusion-column-has-shadow fusion-flex-justify-content-flex-start fusion-content-layout-column\"><div class=\"fusion-text fusion-text-1\"><p><img decoding=\"async\" class=\"alignright size-full wp-image-18876\" src=\"https:\/\/www.mundusmaris.org\/wp-content\/uploads\/2025\/10\/square-ocean-week-2025-event-tiles-500.jpg\" alt=\"\" width=\"500\" height=\"500\" srcset=\"https:\/\/www.mundusmaris.org\/wp-content\/uploads\/2025\/10\/square-ocean-week-2025-event-tiles-500-66x66.jpg 66w, https:\/\/www.mundusmaris.org\/wp-content\/uploads\/2025\/10\/square-ocean-week-2025-event-tiles-500-150x150.jpg 150w, https:\/\/www.mundusmaris.org\/wp-content\/uploads\/2025\/10\/square-ocean-week-2025-event-tiles-500-200x200.jpg 200w, https:\/\/www.mundusmaris.org\/wp-content\/uploads\/2025\/10\/square-ocean-week-2025-event-tiles-500-300x300.jpg 300w, https:\/\/www.mundusmaris.org\/wp-content\/uploads\/2025\/10\/square-ocean-week-2025-event-tiles-500-400x400.jpg 400w, https:\/\/www.mundusmaris.org\/wp-content\/uploads\/2025\/10\/square-ocean-week-2025-event-tiles-500.jpg 500w\" sizes=\"(max-width: 500px) 100vw, 500px\" \/>Drei Mitglieder des Europ\u00e4ischen Parlaments nahmen an dieser besonderen Veranstaltung am Mittwochabend, den 15. Oktober 2025, teil: Isabella L\u00f6vin, Christophe Clergeau und Sebastian Everding. Unter der Moderation von Laura Sullivan wurde eine gek\u00fcrzte Fassung von \u201eOCEAN\u201c mit Sir David Attenborough gezeigt. Filmregisseur Toby Nowlan nahm zusammen mit Veronica Manfredi, Direktorin der Direktion ENV. C in der Generaldirektion Umwelt der Europ\u00e4ischen Kommission, Michalis Croessmann, Pr\u00e4sident des Berufsfischereiverbandes von Amorgos &#8222;Chozoviotissa&#8220;, Griechenland, und Ana\u00efs Berthier, Anw\u00e4ltin und Leiterin von ClientEarth Br\u00fcssel teil.<\/p>\n<p>Nach einer kurzen Einf\u00fchrung durch MdEP L\u00f6vin wurde eine 25-min\u00fctige Sequenz des Dokumentarfilms \u201eOCEAN\u201c gezeigt, begleitet von einem Kommentar von Sir David Attenborough, der mit heute 99 Jahren Einblicke in sein au\u00dfergew\u00f6hnliches Leben als Naturdokumentator und Entdecker gab. Sehen Sie <a href=\"https:\/\/www.youtube.com\/watch?v=O7V8OuS2BMY\" target=\"_blank\" rel=\"noopener\">hier den Trailer<\/a>.<\/p>\n<\/div><div class=\"fusion-text fusion-text-2\"><div id=\"attachment_18879\" style=\"width: 510px\" class=\"wp-caption alignright\"><img decoding=\"async\" aria-describedby=\"caption-attachment-18879\" class=\"size-full wp-image-18879\" src=\"https:\/\/www.mundusmaris.org\/wp-content\/uploads\/2025\/10\/TobyNowlan.jpg\" alt=\"\" width=\"500\" height=\"333\" srcset=\"https:\/\/www.mundusmaris.org\/wp-content\/uploads\/2025\/10\/TobyNowlan-200x133.jpg 200w, https:\/\/www.mundusmaris.org\/wp-content\/uploads\/2025\/10\/TobyNowlan-300x200.jpg 300w, https:\/\/www.mundusmaris.org\/wp-content\/uploads\/2025\/10\/TobyNowlan-400x266.jpg 400w, https:\/\/www.mundusmaris.org\/wp-content\/uploads\/2025\/10\/TobyNowlan.jpg 500w\" sizes=\"(max-width: 500px) 100vw, 500px\" \/><p id=\"caption-attachment-18879\" class=\"wp-caption-text\">Toby Nowlan, Silverback Films<\/p><\/div>\n<p>Toby Nowlan von Silverback Films lieferte einige zus\u00e4tzliche Hintergrundinformationen zur Produktion. Auch zu den Bem\u00fchungen, die unglaubliche Verw\u00fcstung, die die industrielle Grundschleppnetzfischerei anrichtet, ans Licht zu bringen, indem Kameras im Inneren des Schleppnetzes angebracht wurden. Die Grundschleppnetzfischerei findet tagein, tagaus statt \u2013 zumeist ohne Wahrnehmung durch die \u00d6ffentlichkeit. Diejenigen, die die Bilder sehen, finden es v\u00f6llig unverst\u00e4ndlich, wie solche Praktiken fortbestehen k\u00f6nnen, auch in Meeresgebieten, die als \u201egesch\u00fctzt\u201c bezeichnet werden.<\/p>\n<p>Selbst bei denjenigen im Saal, die den Dokumentarfilm bereits vollst\u00e4ndig gesehen hatten, hinterlie\u00dfen die Szenen der v\u00f6lligen Zerst\u00f6rung auf der einen Seite und die unglaublich schnelle Erholung in vollst\u00e4ndig gesch\u00fctzten Gebieten auf der anderen Seite, tiefengreifenden Eindruck.<\/p>\n<p>Veronica Manfredi, Direktorin der Direktion C der Generaldirektion Umwelt der Europ\u00e4ischen Kommission, war sich dieses Widerspruchs bewu\u00dft. Sie schlug vor, dass die EU-Mitgliedstaaten im n\u00e4chsten Jahr Aktionspl\u00e4ne zur Umsetzung des Green Recovery vorlegen sollten, eine Gelegenheit, um dieses ernste Problem anzugehen. Es gebe Wege, sich f\u00fcr einen positiven Wandel einzusetzen, etwa durch das Einreichen von Beschwerden und die Teilnahme an \u00f6ffentlichen Konsultationen zu Gesetzesinitiativen.<\/p>\n<\/div><div class=\"fusion-text fusion-text-3\"><div id=\"attachment_18880\" style=\"width: 510px\" class=\"wp-caption alignright\"><img decoding=\"async\" aria-describedby=\"caption-attachment-18880\" class=\"size-full wp-image-18880\" src=\"https:\/\/www.mundusmaris.org\/wp-content\/uploads\/2025\/10\/AnaisBerthier.jpg\" alt=\"\" width=\"500\" height=\"333\" srcset=\"https:\/\/www.mundusmaris.org\/wp-content\/uploads\/2025\/10\/AnaisBerthier-200x133.jpg 200w, https:\/\/www.mundusmaris.org\/wp-content\/uploads\/2025\/10\/AnaisBerthier-300x200.jpg 300w, https:\/\/www.mundusmaris.org\/wp-content\/uploads\/2025\/10\/AnaisBerthier-400x266.jpg 400w, https:\/\/www.mundusmaris.org\/wp-content\/uploads\/2025\/10\/AnaisBerthier.jpg 500w\" sizes=\"(max-width: 500px) 100vw, 500px\" \/><p id=\"caption-attachment-18880\" class=\"wp-caption-text\">Ana\u00efs Berthier, ClientEarth<\/p><\/div>\n<p>Das sei ja alles sch\u00f6n und gut, konterte Ana\u00efs Berthier, Senior Lawyer und Leiterin von ClientEarth Br\u00fcssel. Sie beklagte die gro\u00dfe Diskrepanz zwischen den Gesetzen und Vorschriften auf dem Papier und dem, was in der Realit\u00e4t t\u00e4glich passiert.<\/p>\n<p>In diesem Zusammenhang verwies sie auf die Ergebnisse einer aktuellen Studie, die die Kosten der Unt\u00e4tigkeit im Umweltschutz auf 190 Milliarden Euro pro Jahr sch\u00e4tzt!<\/p>\n<p>Sie argumentierte, dass die Kommission, als H\u00fcterin der Vertr\u00e4ge nicht genug tue, um die Mitgliedstaaten und andere Akteure f\u00fcr die angerichteten oder nicht vermiedenen Sch\u00e4den und andere Formen des unrechtm\u00e4\u00dfigen Handelns zur Rechenschaft zu ziehen.<\/p>\n<\/div><div class=\"fusion-text fusion-text-4\"><div id=\"attachment_18882\" style=\"width: 510px\" class=\"wp-caption alignright\"><img decoding=\"async\" aria-describedby=\"caption-attachment-18882\" class=\"size-full wp-image-18882\" src=\"https:\/\/www.mundusmaris.org\/wp-content\/uploads\/2025\/10\/ChristopheClergeau.jpg\" alt=\"\" width=\"500\" height=\"333\" srcset=\"https:\/\/www.mundusmaris.org\/wp-content\/uploads\/2025\/10\/ChristopheClergeau-200x133.jpg 200w, https:\/\/www.mundusmaris.org\/wp-content\/uploads\/2025\/10\/ChristopheClergeau-300x200.jpg 300w, https:\/\/www.mundusmaris.org\/wp-content\/uploads\/2025\/10\/ChristopheClergeau-400x266.jpg 400w, https:\/\/www.mundusmaris.org\/wp-content\/uploads\/2025\/10\/ChristopheClergeau.jpg 500w\" sizes=\"(max-width: 500px) 100vw, 500px\" \/><p id=\"caption-attachment-18882\" class=\"wp-caption-text\">MdEP Christophe Clergeau<\/p><\/div>\n<p>In seiner direkten Antwort bezweifelte MdEP Christophe Clergeau, dass der Kommissar f\u00fcr Fischerei und Ozeane, Costas Kadis, seinen Aufgaben nachkommen k\u00f6nne, da die Pr\u00e4sidentin der EU-Kommission, Ursula von der Leyen, seine Forderung nach einer ressort\u00fcbergreifenden Koordinierungsmission zur koh\u00e4renten Ausgestaltung des Ozeanpakts abgelehnt habe. Er w\u00fcnschte sich, dass Pr\u00e4sidentin von der Leyen erkl\u00e4rt, WIE die Ziele der Wiederherstellung erreicht werden k\u00f6nnen. In diesem Zusammenhang betonte er, dass es wichtig sei, auch den Rat der EU-Mitgliedstaaten zu verpflichten, die bestehenden Rechtsvorschriften, die sie mit beschlossen h\u00e4tten, endlich umzusetzen.<\/p>\n<p>Er w\u00fcnschte sich auch mehr Ehrgeiz in Bezug auf die Formulierung eines effektiven Ozeanpaktes, f\u00fcr den bisher nur 3 % des vorgeschlagenen mehrj\u00e4hrigen Finanzrahmens (MFR, 2028-2034) vorgesehen sind. Dies sei zu wenig, um einen gut durchdachten und integrierten \u00dcbergang zur Kohlenstoffneutralit\u00e4t und zur Regeneration der biologischen Vielfalt zu gew\u00e4hrleisten. Die Europaabgeordnete Isabella L\u00f6vin \u00e4u\u00dferte zudem die Hoffnung, dass die Krise in der Ostsee zu einem Testfall f\u00fcr positive Ver\u00e4nderungen werden k\u00f6nnte. Der Europaabgeordnete Sebastian Everding f\u00fcgte hinzu, dass soziale Gerechtigkeit und die Wiederherstellung von \u00d6kosystemen Hand in Hand gehen m\u00fcssten.<\/p>\n<\/div><div class=\"fusion-text fusion-text-5\"><div id=\"attachment_18884\" style=\"width: 510px\" class=\"wp-caption alignright\"><img decoding=\"async\" aria-describedby=\"caption-attachment-18884\" class=\"size-full wp-image-18884\" src=\"https:\/\/www.mundusmaris.org\/wp-content\/uploads\/2025\/10\/MichalisCroessmann.jpg\" alt=\"\" width=\"500\" height=\"333\" srcset=\"https:\/\/www.mundusmaris.org\/wp-content\/uploads\/2025\/10\/MichalisCroessmann-200x133.jpg 200w, https:\/\/www.mundusmaris.org\/wp-content\/uploads\/2025\/10\/MichalisCroessmann-300x200.jpg 300w, https:\/\/www.mundusmaris.org\/wp-content\/uploads\/2025\/10\/MichalisCroessmann-400x266.jpg 400w, https:\/\/www.mundusmaris.org\/wp-content\/uploads\/2025\/10\/MichalisCroessmann.jpg 500w\" sizes=\"(max-width: 500px) 100vw, 500px\" \/><p id=\"caption-attachment-18884\" class=\"wp-caption-text\">Michalis Croessmann, Pr\u00e4sident des Berufsfischereiverbandes von Amorgos &#8222;Chozoviotissa&#8220;, Griechenland<\/p><\/div>\n<p>Inzwischen ergreifen handwerkliche Fischer vor Ort die Initiative zur Rettung von Meerestieren. Michalis Croessmann, Pr\u00e4sident des <a href=\"https:\/\/www.amorgorama.com\/documentation\/\" target=\"_blank\" rel=\"noopener\">Berufsfischereiverbandes von Amorgos<\/a> in Griechenland, erl\u00e4uterte, was sein Verband mit Unterst\u00fctzung lokaler Organisationen der Zivilgesellschaft bereits unternommen hat.<\/p>\n<p>Er erkl\u00e4rte, dass ein Masterplan erforderlich sei, um die Grundschleppnetzfischerei schrittweise einzustellen. Wenn nicht bald etwas unternommen werde, laufe den handwerklichen Fischern und den Ressourcen des Meeres die Zeit davon.<\/p>\n<p>Andere Diskussionsteilnehmer erinnerten daran, dass die neue Meeresraumplanungsrichtlinie, die den Ozeanpakt untermauern soll, die Durchsetzung anderer bestehender Instrumente wie der Vogelschutzrichtlinie, der Habitatrichtlinie, der Meeresstrategie-Rahmenrichtlinie und der einschl\u00e4gigen Bestimmungen der Gemeinsamen Fischereipolitik (GFP) st\u00e4rken sollte. Es sei daher besorgniserregend, dass Instrumente, die gut seien, aber von den EU-Mitgliedstaaten nicht umgesetzt w\u00fcrden, nun von Pr\u00e4sidentin von der Leyen zur \u00c4nderung freigegeben w\u00fcrden.<\/p>\n<p>Gastgeber Clergeau mahnte in seinem Schlusswort zu erh\u00f6hter Achtsamkeit. Die Zeit, aus der Vergangenheit zu lernen und zu handeln, sei JETZT. Er forderte alle B\u00fcrger und Organisationen, denen die Rettung der Ozeane am Herzen liegt, auf, sich f\u00fcr einen koh\u00e4renten und ehrgeizigen Ozeanpakt einzusetzen, der sich an den bestehenden internationalen Vertr\u00e4gen sowie den regionalen und EU-spezifischen Bed\u00fcrfnissen orientiert.<\/p>\n<p><em>Mundus maris<\/em> wird seine Bem\u00fchungen um die Verbreitung von Wissen \u00fcber die Meere verst\u00e4rken. Bisher gibt es viele Fehlentwicklungen, weil es nicht genug \u00f6ffentliche Kontrolle und Beteiligung gibt, um Mehrheiten f\u00fcr bessere Alternativen zu schaffen.<\/p>\n<p>Text und Fotos von C.E. Nauen, deutsche \u00dcbersetzung von Claudia Mense.<\/p>\n<\/div><\/div><\/div><\/div><\/div>\n","protected":false},"excerpt":{"rendered":"","protected":false},"author":6,"featured_media":20084,"comment_status":"closed","ping_status":"closed","sticky":false,"template":"","format":"standard","meta":{"_acf_changed":false,"footnotes":""},"categories":[187,183],"tags":[],"class_list":["post-18889","post","type-post","status-publish","format-standard","has-post-thumbnail","hentry","category-okosystem-basierte-fischerei","category-stop-der-uberfischung"],"acf":[],"_links":{"self":[{"href":"https:\/\/www.mundusmaris.org\/de\/wp-json\/wp\/v2\/posts\/18889","targetHints":{"allow":["GET"]}}],"collection":[{"href":"https:\/\/www.mundusmaris.org\/de\/wp-json\/wp\/v2\/posts"}],"about":[{"href":"https:\/\/www.mundusmaris.org\/de\/wp-json\/wp\/v2\/types\/post"}],"author":[{"embeddable":true,"href":"https:\/\/www.mundusmaris.org\/de\/wp-json\/wp\/v2\/users\/6"}],"replies":[{"embeddable":true,"href":"https:\/\/www.mundusmaris.org\/de\/wp-json\/wp\/v2\/comments?post=18889"}],"version-history":[{"count":4,"href":"https:\/\/www.mundusmaris.org\/de\/wp-json\/wp\/v2\/posts\/18889\/revisions"}],"predecessor-version":[{"id":19051,"href":"https:\/\/www.mundusmaris.org\/de\/wp-json\/wp\/v2\/posts\/18889\/revisions\/19051"}],"wp:featuredmedia":[{"embeddable":true,"href":"https:\/\/www.mundusmaris.org\/de\/wp-json\/wp\/v2\/media\/20084"}],"wp:attachment":[{"href":"https:\/\/www.mundusmaris.org\/de\/wp-json\/wp\/v2\/media?parent=18889"}],"wp:term":[{"taxonomy":"category","embeddable":true,"href":"https:\/\/www.mundusmaris.org\/de\/wp-json\/wp\/v2\/categories?post=18889"},{"taxonomy":"post_tag","embeddable":true,"href":"https:\/\/www.mundusmaris.org\/de\/wp-json\/wp\/v2\/tags?post=18889"}],"curies":[{"name":"wp","href":"https:\/\/api.w.org\/{rel}","templated":true}]}}